
{"id":193877,"date":"2025-10-13T12:03:03","date_gmt":"2025-10-13T15:03:03","guid":{"rendered":"https:\/\/www.politicosdosuldabahia.com.br\/v1\/?p=193877"},"modified":"2025-10-13T12:03:04","modified_gmt":"2025-10-13T15:03:04","slug":"parte-de-uma-elite-que-ainda-nao-se-acostumou-com-o-filho-do-vaqueiro-e-da-costureira-governador-afirma-rosemberg-sobre-manifestacao-em-mucuge","status":"publish","type":"post","link":"https:\/\/www.politicosdosuldabahia.com.br\/v1\/2025\/10\/13\/parte-de-uma-elite-que-ainda-nao-se-acostumou-com-o-filho-do-vaqueiro-e-da-costureira-governador-afirma-rosemberg-sobre-manifestacao-em-mucuge\/","title":{"rendered":"\u2018PARTE DE UMA ELITE QUE AINDA N\u00c3O SE ACOSTUMOU COM O FILHO DO VAQUEIRO E DA COSTUREIRA GOVERNADOR\u2019, AFIRMA ROSEMBERG SOBRE MANIFESTA\u00c7\u00c3O EM MUCUG\u00ca"},"content":{"rendered":"<h3 style=\"text-align: justify\"><img loading=\"lazy\" decoding=\"async\" class=\"size-full wp-image-193878 aligncenter\" src=\"http:\/\/www.politicosdosuldabahia.com.br\/v1\/wp-content\/uploads\/2025\/10\/WhatsApp-Image-2025-10-13-at-11.33.41.jpeg\" alt=\"\" width=\"455\" height=\"255\" srcset=\"https:\/\/www.politicosdosuldabahia.com.br\/v1\/wp-content\/uploads\/2025\/10\/WhatsApp-Image-2025-10-13-at-11.33.41.jpeg 455w, https:\/\/www.politicosdosuldabahia.com.br\/v1\/wp-content\/uploads\/2025\/10\/WhatsApp-Image-2025-10-13-at-11.33.41-300x168.jpeg 300w\" sizes=\"(max-width: 455px) 100vw, 455px\" \/><\/h3>\n<h3 style=\"text-align: justify\">O deputado Rosemberg Pinto (PT), l\u00edder do Governo Jer\u00f4nimo Rodrigues na Assembleia Legislativa da Bahia (Alba), afirmou nesta segunda-feira (13) que as manifesta\u00e7\u00f5es em Mucug\u00ea no \u00faltimo s\u00e1bado (11), durante o Festival de Forr\u00f3 da Chapada, foram de \u2018parte de uma elite que ainda n\u00e3o se acostumou com o filho do vaqueiro e da costureira governador\u2019.<\/h3>\n<h3 style=\"text-align: justify\">\u201cMucug\u00ea n\u00e3o deve permitir que transformem aquela local em um espa\u00e7o de disputa pol\u00edtica, muito menos num reduto de extremistas de direita ou de f\u00e3s do bolsonarismo\u201d, alertou.<\/h3>\n<h3 style=\"text-align: justify\">Com pacotes e di\u00e1rias que ultrapassaram os R$ 2 mil, Mucug\u00ea recebeu centenas de turistas neste \u00faltimo final de semana, com diversas caravanas que partiram de Salvador com destino ao munic\u00edpio da Chapada Diamantina.<\/h3>\n<h3 style=\"text-align: justify\">\u201cAli \u00e9 lugar de paz, tranquilidade, harmonia, de contemplar a natureza exuberante que Deus nos proporcionou. N\u00e3o combina\u201d, criticou.<\/h3>\n","protected":false},"excerpt":{"rendered":"<p>O deputado Rosemberg Pinto (PT), l\u00edder do Governo Jer\u00f4nimo Rodrigues na Assembleia Legislativa da Bahia (Alba), afirmou nesta segunda-feira (13) que as manifesta\u00e7\u00f5es em Mucug\u00ea no \u00faltimo s\u00e1bado (11), durante o Festival de Forr\u00f3 da Chapada, foram de \u2018parte de uma elite que ainda n\u00e3o se acostumou com o filho do vaqueiro e da costureira [&hellip;]<\/p>\n","protected":false},"author":992,"featured_media":193878,"comment_status":"open","ping_status":"closed","sticky":false,"template":"","format":"standard","meta":{"footnotes":"","_links_to":"","_links_to_target":""},"categories":[3],"tags":[],"class_list":["post-193877","post","type-post","status-publish","format-standard","has-post-thumbnail","hentry","category-cidades"],"views":190,"_links":{"self":[{"href":"https:\/\/www.politicosdosuldabahia.com.br\/v1\/wp-json\/wp\/v2\/posts\/193877"}],"collection":[{"href":"https:\/\/www.politicosdosuldabahia.com.br\/v1\/wp-json\/wp\/v2\/posts"}],"about":[{"href":"https:\/\/www.politicosdosuldabahia.com.br\/v1\/wp-json\/wp\/v2\/types\/post"}],"author":[{"embeddable":true,"href":"https:\/\/www.politicosdosuldabahia.com.br\/v1\/wp-json\/wp\/v2\/users\/992"}],"replies":[{"embeddable":true,"href":"https:\/\/www.politicosdosuldabahia.com.br\/v1\/wp-json\/wp\/v2\/comments?post=193877"}],"version-history":[{"count":1,"href":"https:\/\/www.politicosdosuldabahia.com.br\/v1\/wp-json\/wp\/v2\/posts\/193877\/revisions"}],"predecessor-version":[{"id":193879,"href":"https:\/\/www.politicosdosuldabahia.com.br\/v1\/wp-json\/wp\/v2\/posts\/193877\/revisions\/193879"}],"wp:featuredmedia":[{"embeddable":true,"href":"https:\/\/www.politicosdosuldabahia.com.br\/v1\/wp-json\/wp\/v2\/media\/193878"}],"wp:attachment":[{"href":"https:\/\/www.politicosdosuldabahia.com.br\/v1\/wp-json\/wp\/v2\/media?parent=193877"}],"wp:term":[{"taxonomy":"category","embeddable":true,"href":"https:\/\/www.politicosdosuldabahia.com.br\/v1\/wp-json\/wp\/v2\/categories?post=193877"},{"taxonomy":"post_tag","embeddable":true,"href":"https:\/\/www.politicosdosuldabahia.com.br\/v1\/wp-json\/wp\/v2\/tags?post=193877"}],"curies":[{"name":"wp","href":"https:\/\/api.w.org\/{rel}","templated":true}]}}