
{"id":193853,"date":"2025-10-11T14:00:15","date_gmt":"2025-10-11T17:00:15","guid":{"rendered":"https:\/\/www.politicosdosuldabahia.com.br\/v1\/?p=193853"},"modified":"2025-10-11T14:00:15","modified_gmt":"2025-10-11T17:00:15","slug":"potiragua-prefeitura-amplia-equipe-tecnica-do-cras-e-garante-atendimento-juridico-gratuito-a-populacao","status":"publish","type":"post","link":"https:\/\/www.politicosdosuldabahia.com.br\/v1\/2025\/10\/11\/potiragua-prefeitura-amplia-equipe-tecnica-do-cras-e-garante-atendimento-juridico-gratuito-a-populacao\/","title":{"rendered":"POTIRAGU\u00c1: PREFEITURA AMPLIA EQUIPE T\u00c9CNICA DO CRAS E GARANTE ATENDIMENTO JUR\u00cdDICO GRATUITO \u00c0 POPULA\u00c7\u00c3O"},"content":{"rendered":"<div class=\"entry-content\">\n<h3><img loading=\"lazy\" decoding=\"async\" class=\"wp-image-193854 aligncenter\" src=\"http:\/\/www.politicosdosuldabahia.com.br\/v1\/wp-content\/uploads\/2025\/10\/IMG-20251010-WA1224.jpg\" alt=\"\" width=\"455\" height=\"266\" srcset=\"https:\/\/www.politicosdosuldabahia.com.br\/v1\/wp-content\/uploads\/2025\/10\/IMG-20251010-WA1224.jpg 1000w, https:\/\/www.politicosdosuldabahia.com.br\/v1\/wp-content\/uploads\/2025\/10\/IMG-20251010-WA1224-300x176.jpg 300w, https:\/\/www.politicosdosuldabahia.com.br\/v1\/wp-content\/uploads\/2025\/10\/IMG-20251010-WA1224-768x449.jpg 768w\" sizes=\"(max-width: 455px) 100vw, 455px\" \/><\/h3>\n<h3 style=\"text-align: justify\">A Prefeitura Municipal de Potiragu\u00e1, por meio da Secretaria Municipal de Assist\u00eancia Social, refor\u00e7ou a equipe de refer\u00eancia do CRAS Maria Pereira da Silva Brito com a incorpora\u00e7\u00e3o de dois advogados, ampliando a capacidade de atendimento \u00e0s fam\u00edlias em situa\u00e7\u00e3o de vulnerabilidade social.<\/h3>\n<h3 style=\"text-align: justify\">Com a nova composi\u00e7\u00e3o, o CRAS passa a contar com quatro profissionais de refer\u00eancia: uma psic\u00f3loga, uma assistente social e dois advogados. Fortalecendo a equipe integrando diferentes \u00e1reas do conhecimento para a efetiva\u00e7\u00e3o de direitos.<\/h3>\n<h3 style=\"text-align: justify\">A presen\u00e7a de advogados na equipe t\u00e9cnica do CRAS atende aos par\u00e2metros de atua\u00e7\u00e3o do profissional de Direito no SUAS, garantindo que a popula\u00e7\u00e3o em vulnerabilidade tenha acesso gratuito \u00e0 orienta\u00e7\u00e3o e defesa de direitos, especialmente em demandas ligadas a:<\/h3>\n<h3 style=\"text-align: justify\">Benef\u00edcios previdenci\u00e1rios e assistenciais;<\/h3>\n<h3 style=\"text-align: justify\">Orienta\u00e7\u00e3o jur\u00eddica em casos de viola\u00e7\u00e3o de direitos;<\/h3>\n<h3 style=\"text-align: justify\">Acesso a programas sociais e pol\u00edticas p\u00fablicas;<\/h3>\n<h3 style=\"text-align: justify\">Apoio em situa\u00e7\u00f5es de discrimina\u00e7\u00e3o, viol\u00eancia ou exclus\u00e3o social.<\/h3>\n<h3 style=\"text-align: justify\">A secret\u00e1ria de Assist\u00eancia Social, Elessandra Martins, destacou que a medida atende a uma determina\u00e7\u00e3o do prefeito Elias Carvalho, que priorizou a amplia\u00e7\u00e3o do acesso \u00e0 justi\u00e7a social:<\/h3>\n<h3 style=\"text-align: justify\">\u201cA gest\u00e3o busca promover a\u00e7\u00f5es que garantam direitos. Muitas fam\u00edlias deixam de acessar benef\u00edcios porque n\u00e3o t\u00eam condi\u00e7\u00f5es de contratar um advogado particular. Com essa amplia\u00e7\u00e3o, garantimos atendimento jur\u00eddico gratuito, de segunda a sexta-feira, das 08h \u00e0s 17h, no CRAS, beneficiando toda a popula\u00e7\u00e3o urbana e rural de Potiragu\u00e1, Gurup\u00e1-Mirim e Itaimb\u00e9.\u201d<\/h3>\n<h3 style=\"text-align: justify\">Os advogados Lav\u00ednia Borges e Luis Felipe Macena j\u00e1 iniciaram os atendimentos \u00e0 comunidade. O prefeito Elias Carvalho ressaltou que a a\u00e7\u00e3o representa o cumprimento de compromissos assumidos com a popula\u00e7\u00e3o:<\/h3>\n<h3 style=\"text-align: justify\">\u201cFoi uma promessa de campanha que estamos cumprindo. Nosso compromisso \u00e9 garantir dignidade para o povo de Potiragu\u00e1. Com essa medida, as fam\u00edlias n\u00e3o precisar\u00e3o mais arcar com honor\u00e1rios advocat\u00edcios para solicitar benef\u00edcios previdenci\u00e1rios ou outros direitos. \u00c9 a prefeitura garantindo justi\u00e7a social e ampliando o alcance da Assist\u00eancia Social.\u201d<\/h3>\n<h3 style=\"text-align: justify\">A Secretaria Municipal de Assist\u00eancia Social vem promovendo uma reestrutura\u00e7\u00e3o da pol\u00edtica socioassistencial no munic\u00edpio, fortalecendo os servi\u00e7os de prote\u00e7\u00e3o social b\u00e1sica, ampliando a equipe t\u00e9cnica e garantindo a inclus\u00e3o social por meio do Cadastro \u00danico, dos servi\u00e7os continuados do CRAS e da integra\u00e7\u00e3o com outras pol\u00edticas p\u00fablicas.<\/h3>\n<h3 style=\"text-align: justify\">Com essa iniciativa, Potiragu\u00e1 reafirma seu compromisso com a universaliza\u00e7\u00e3o do acesso aos direitos socioassistenciais, aproximando a popula\u00e7\u00e3o da rede de prote\u00e7\u00e3o social e assegurando a defesa de direitos.<\/h3>\n<\/div>\n<div class=\"row publicidade\">\n<div class=\"widget_text widget-menu col-md-12\">\n<h3 class=\"textwidget custom-html-widget\" style=\"text-align: justify\"><\/h3>\n<\/div>\n<\/div>\n","protected":false},"excerpt":{"rendered":"<p>A Prefeitura Municipal de Potiragu\u00e1, por meio da Secretaria Municipal de Assist\u00eancia Social, refor\u00e7ou a equipe de refer\u00eancia do CRAS Maria Pereira da Silva Brito com a incorpora\u00e7\u00e3o de dois advogados, ampliando a capacidade de atendimento \u00e0s fam\u00edlias em situa\u00e7\u00e3o de vulnerabilidade social. Com a nova composi\u00e7\u00e3o, o CRAS passa a contar com quatro profissionais [&hellip;]<\/p>\n","protected":false},"author":992,"featured_media":193854,"comment_status":"open","ping_status":"closed","sticky":false,"template":"","format":"standard","meta":{"footnotes":"","_links_to":"","_links_to_target":""},"categories":[3],"tags":[],"class_list":["post-193853","post","type-post","status-publish","format-standard","has-post-thumbnail","hentry","category-cidades"],"views":154,"_links":{"self":[{"href":"https:\/\/www.politicosdosuldabahia.com.br\/v1\/wp-json\/wp\/v2\/posts\/193853"}],"collection":[{"href":"https:\/\/www.politicosdosuldabahia.com.br\/v1\/wp-json\/wp\/v2\/posts"}],"about":[{"href":"https:\/\/www.politicosdosuldabahia.com.br\/v1\/wp-json\/wp\/v2\/types\/post"}],"author":[{"embeddable":true,"href":"https:\/\/www.politicosdosuldabahia.com.br\/v1\/wp-json\/wp\/v2\/users\/992"}],"replies":[{"embeddable":true,"href":"https:\/\/www.politicosdosuldabahia.com.br\/v1\/wp-json\/wp\/v2\/comments?post=193853"}],"version-history":[{"count":1,"href":"https:\/\/www.politicosdosuldabahia.com.br\/v1\/wp-json\/wp\/v2\/posts\/193853\/revisions"}],"predecessor-version":[{"id":193855,"href":"https:\/\/www.politicosdosuldabahia.com.br\/v1\/wp-json\/wp\/v2\/posts\/193853\/revisions\/193855"}],"wp:featuredmedia":[{"embeddable":true,"href":"https:\/\/www.politicosdosuldabahia.com.br\/v1\/wp-json\/wp\/v2\/media\/193854"}],"wp:attachment":[{"href":"https:\/\/www.politicosdosuldabahia.com.br\/v1\/wp-json\/wp\/v2\/media?parent=193853"}],"wp:term":[{"taxonomy":"category","embeddable":true,"href":"https:\/\/www.politicosdosuldabahia.com.br\/v1\/wp-json\/wp\/v2\/categories?post=193853"},{"taxonomy":"post_tag","embeddable":true,"href":"https:\/\/www.politicosdosuldabahia.com.br\/v1\/wp-json\/wp\/v2\/tags?post=193853"}],"curies":[{"name":"wp","href":"https:\/\/api.w.org\/{rel}","templated":true}]}}