
{"id":193837,"date":"2025-10-09T17:05:05","date_gmt":"2025-10-09T20:05:05","guid":{"rendered":"https:\/\/www.politicosdosuldabahia.com.br\/v1\/?p=193837"},"modified":"2025-10-09T17:05:05","modified_gmt":"2025-10-09T20:05:05","slug":"implantacao-da-byd-torna-a-bahia-protagonista-na-producao-nacional-de-veiculos-sustentaveis-afirma-jeronimo-rodrigues","status":"publish","type":"post","link":"https:\/\/www.politicosdosuldabahia.com.br\/v1\/2025\/10\/09\/implantacao-da-byd-torna-a-bahia-protagonista-na-producao-nacional-de-veiculos-sustentaveis-afirma-jeronimo-rodrigues\/","title":{"rendered":"&#8220;IMPLANTA\u00c7\u00c3O DA BYD TORNA A BAHIA PROTAGONISTA NA PRODU\u00c7\u00c3O NACIONAL DE VE\u00cdCULOS SUSTENT\u00c1VEIS\u201d, AFIRMA JER\u00d4NIMO RODRIGUES"},"content":{"rendered":"<p><img loading=\"lazy\" decoding=\"async\" class=\"wp-image-193838 aligncenter\" src=\"http:\/\/www.politicosdosuldabahia.com.br\/v1\/wp-content\/uploads\/2025\/10\/WhatsApp-Image-2025-10-09-at-16.52.50.jpeg\" alt=\"\" width=\"455\" height=\"303\" srcset=\"https:\/\/www.politicosdosuldabahia.com.br\/v1\/wp-content\/uploads\/2025\/10\/WhatsApp-Image-2025-10-09-at-16.52.50.jpeg 1600w, https:\/\/www.politicosdosuldabahia.com.br\/v1\/wp-content\/uploads\/2025\/10\/WhatsApp-Image-2025-10-09-at-16.52.50-300x200.jpeg 300w, https:\/\/www.politicosdosuldabahia.com.br\/v1\/wp-content\/uploads\/2025\/10\/WhatsApp-Image-2025-10-09-at-16.52.50-1024x683.jpeg 1024w, https:\/\/www.politicosdosuldabahia.com.br\/v1\/wp-content\/uploads\/2025\/10\/WhatsApp-Image-2025-10-09-at-16.52.50-768x512.jpeg 768w, https:\/\/www.politicosdosuldabahia.com.br\/v1\/wp-content\/uploads\/2025\/10\/WhatsApp-Image-2025-10-09-at-16.52.50-1536x1024.jpeg 1536w\" sizes=\"(max-width: 455px) 100vw, 455px\" \/><\/p>\n<h4 style=\"text-align: center\"><em><strong>Ao lado do presidente Lula, governador inaugurou em Cama\u00e7ari a primeira planta da empresa chinesa<\/strong><\/em><\/h4>\n<h3 style=\"text-align: justify\">Projetados como uma das solu\u00e7\u00f5es globais para a crise clim\u00e1tica, carros el\u00e9tricos da chinesa BYD ter\u00e3o produ\u00e7\u00e3o em solo baiano, a partir desta quinta-feira (9), com a inaugura\u00e7\u00e3o da f\u00e1brica de Cama\u00e7ari, na Regi\u00e3o Metropolitana de Salvador. A abertura oficial da primeira planta da empresa no Brasil, maior f\u00e1brica de ve\u00edculos el\u00e9tricos da Am\u00e9rica Latina, teve participa\u00e7\u00e3o do presidente Luiz In\u00e1cio Lula da Silva e do governador da Bahia, Jer\u00f4nimo Rodrigues.<\/h3>\n<h3 style=\"text-align: justify\">O chefe do executivo baiano enfatizou que, al\u00e9m da contribui\u00e7\u00e3o para a transi\u00e7\u00e3o energ\u00e9tica no setor, a f\u00e1brica representa um fortalecimento da produ\u00e7\u00e3o nacional de ve\u00edculos sustent\u00e1veis. \u201cA implanta\u00e7\u00e3o da BYD torna a Bahia protagonista na produ\u00e7\u00e3o nacional de ve\u00edculos sustent\u00e1veis. A f\u00e1brica brasileira vai revolucionar na gera\u00e7\u00e3o de empregos, vai trazer uma marca de descarboniza\u00e7\u00e3o para a nossa economia, vai trazer a possibilidade de olhar o Brasil como potencial para a energia e\u00f3lica, solar, para a produ\u00e7\u00e3o de hidrog\u00eanio verde\u201d, disse Jer\u00f4nimo Rodrigues.<\/h3>\n<h3 style=\"text-align: justify\">\u201cCome\u00e7ar a produzir ve\u00edculos el\u00e9tricos \u00e9 a demonstra\u00e7\u00e3o de que n\u00f3s estamos criando uma p\u00e1tria soberana, um pa\u00eds que tem a maior reserva florestal do mundo, que tem uma riqueza mineral extraordin\u00e1ria. Ningu\u00e9m compete com o Brasil\u201d, destacou o presidente Lula.<\/h3>\n<h3 style=\"text-align: justify\">O investimento estimado da expans\u00e3o da empresa para a Bahia \u00e9 de R$ 5,5 bilh\u00f5es e deve se consolidar como maior polo industrial da BYD fora da China. Durante a instala\u00e7\u00e3o da f\u00e1brica em Cama\u00e7ari, foi acordada com o Governo do Estado e a Uni\u00e3o, a nacionaliza\u00e7\u00e3o da montagem dos carros. Secret\u00e1rio de Desenvolvimento Econ\u00f4mico do Estado (SDE), \u00c2ngelo Almeida explica que at\u00e9 2027 50% dos componentes dos carros ser\u00e3o nacionais.<\/h3>\n<h3 style=\"text-align: justify\">\u201cNa primeira etapa ser\u00e3o 150 mil carros montados por ano. Para a segunda etapa, j\u00e1 est\u00e3o previstos 300 mil carros produzidos anualmente at\u00e9 2030 e com um detalhe importante: 78% dos componentes ser\u00e3o brasileiros, nacionais, e 52% dos componentes produzidos na Bahia\u201d, frisou.<\/h3>\n<h3 style=\"text-align: justify\">Ser\u00e3o montados carros de passeio el\u00e9tricos, h\u00edbridos e movidos a etanol e gasolina, com a fun\u00e7\u00e3o el\u00e9trica. O \u00faltimo, com o motor flex, foi lan\u00e7ado durante a cerim\u00f4nia no modelo Song Pro da BYD. A vers\u00e3o flex foi fruto de pesquisa com a engenharia brasileira da marca.<\/h3>\n<h3 style=\"text-align: justify\">\u201cEsse \u00e9 um sonho que nasceu da confian\u00e7a e da vis\u00e3o de futuro. O que nos moveu foi a confian\u00e7a no potencial desse pa\u00eds e em sua capacidade de liderar a transi\u00e7\u00e3o para uma nova era da ind\u00fastria automotiva. O nosso pa\u00eds \u00e9 de energia limpa e renov\u00e1vel, da energia que promove a oportunidade de protagonizarmos uma lideran\u00e7a global na transi\u00e7\u00e3o energ\u00e9tica\u201d complementou Alexandre Baldy, vice-presidente da BYD no Brasil.<\/h3>\n<h3 style=\"text-align: justify\">Produ\u00e7\u00e3o<\/h3>\n<h3 style=\"text-align: justify\">A unidade de Cama\u00e7ari vai operar no primeiro ano no sistema SKD (Semi Knocked-Down), com montagem dos ve\u00edculos localmente, mas com pe\u00e7as importadas da China. Em 2026, est\u00e1 prevista a mudan\u00e7a para a produ\u00e7\u00e3o nacional dos modelos com etapas como estampagem, soldagem e pintura, al\u00e9m da inclus\u00e3o de um maior n\u00famero de componentes nacionais.<\/h3>\n<h3 style=\"text-align: justify\">Nos pr\u00f3ximos cinco anos, atrav\u00e9s da BYD, tamb\u00e9m ser\u00e3o implantadas no estado plantas voltadas ao processamento de l\u00edtio e ferro fosfato \u2014 insumos necess\u00e1rios para a fabrica\u00e7\u00e3o das baterias utilizadas nos ve\u00edculos \u2014, facilitando o acesso \u00e0s pe\u00e7as por clientes brasileiros.<\/h3>\n<h3 style=\"text-align: justify\">Gera\u00e7\u00e3o de emprego e renda<\/h3>\n<h3 style=\"text-align: justify\">O secret\u00e1rio do Trabalho, Emprego e Renda (Setre), Augusto Vasconcelos, lembrou que, desde o in\u00edcio das obras da f\u00e1brica na Bahia, a BYD tem gerado empregos diretos e indiretos. Atualmente est\u00e3o contratados pela empresa 1,5 mil profissionais, brasileiros e estrangeiros, de diversas \u00e1reas.<\/h3>\n<h3 style=\"text-align: justify\">\u201cRealizamos cursos de qualifica\u00e7\u00e3o profissional, formando 479 oper\u00e1rios para trabalhar na f\u00e1brica. Uma parte dessa m\u00e3o de obra foi aproveitada, a outra parte est\u00e1 participando de processos seletivos e temos dialogado com a empresa para o maior n\u00famero de contrata\u00e7\u00f5es de trabalhadores baianos\u201d, comentou.<\/h3>\n","protected":false},"excerpt":{"rendered":"<p>Ao lado do presidente Lula, governador inaugurou em Cama\u00e7ari a primeira planta da empresa chinesa Projetados como uma das solu\u00e7\u00f5es globais para a crise clim\u00e1tica, carros el\u00e9tricos da chinesa BYD ter\u00e3o produ\u00e7\u00e3o em solo baiano, a partir desta quinta-feira (9), com a inaugura\u00e7\u00e3o da f\u00e1brica de Cama\u00e7ari, na Regi\u00e3o Metropolitana de Salvador. A abertura oficial [&hellip;]<\/p>\n","protected":false},"author":992,"featured_media":193838,"comment_status":"open","ping_status":"closed","sticky":false,"template":"","format":"standard","meta":{"footnotes":"","_links_to":"","_links_to_target":""},"categories":[3],"tags":[],"class_list":["post-193837","post","type-post","status-publish","format-standard","has-post-thumbnail","hentry","category-cidades"],"views":197,"_links":{"self":[{"href":"https:\/\/www.politicosdosuldabahia.com.br\/v1\/wp-json\/wp\/v2\/posts\/193837"}],"collection":[{"href":"https:\/\/www.politicosdosuldabahia.com.br\/v1\/wp-json\/wp\/v2\/posts"}],"about":[{"href":"https:\/\/www.politicosdosuldabahia.com.br\/v1\/wp-json\/wp\/v2\/types\/post"}],"author":[{"embeddable":true,"href":"https:\/\/www.politicosdosuldabahia.com.br\/v1\/wp-json\/wp\/v2\/users\/992"}],"replies":[{"embeddable":true,"href":"https:\/\/www.politicosdosuldabahia.com.br\/v1\/wp-json\/wp\/v2\/comments?post=193837"}],"version-history":[{"count":1,"href":"https:\/\/www.politicosdosuldabahia.com.br\/v1\/wp-json\/wp\/v2\/posts\/193837\/revisions"}],"predecessor-version":[{"id":193839,"href":"https:\/\/www.politicosdosuldabahia.com.br\/v1\/wp-json\/wp\/v2\/posts\/193837\/revisions\/193839"}],"wp:featuredmedia":[{"embeddable":true,"href":"https:\/\/www.politicosdosuldabahia.com.br\/v1\/wp-json\/wp\/v2\/media\/193838"}],"wp:attachment":[{"href":"https:\/\/www.politicosdosuldabahia.com.br\/v1\/wp-json\/wp\/v2\/media?parent=193837"}],"wp:term":[{"taxonomy":"category","embeddable":true,"href":"https:\/\/www.politicosdosuldabahia.com.br\/v1\/wp-json\/wp\/v2\/categories?post=193837"},{"taxonomy":"post_tag","embeddable":true,"href":"https:\/\/www.politicosdosuldabahia.com.br\/v1\/wp-json\/wp\/v2\/tags?post=193837"}],"curies":[{"name":"wp","href":"https:\/\/api.w.org\/{rel}","templated":true}]}}