
{"id":193824,"date":"2025-10-09T09:43:37","date_gmt":"2025-10-09T12:43:37","guid":{"rendered":"https:\/\/www.politicosdosuldabahia.com.br\/v1\/?p=193824"},"modified":"2025-10-09T09:43:37","modified_gmt":"2025-10-09T12:43:37","slug":"itaju-do-colonia-elder-fontes-consolida-cidade-como-referencia-em-desenvolvimento-regional","status":"publish","type":"post","link":"https:\/\/www.politicosdosuldabahia.com.br\/v1\/2025\/10\/09\/itaju-do-colonia-elder-fontes-consolida-cidade-como-referencia-em-desenvolvimento-regional\/","title":{"rendered":"ITAJU DO COL\u00d4NIA: ELDER FONTES CONSOLIDA CIDADE COMO REFER\u00caNCIA EM DESENVOLVIMENTO REGIONAL"},"content":{"rendered":"<p>&nbsp;<\/p>\n<p><img loading=\"lazy\" decoding=\"async\" class=\"wp-image-193825 aligncenter\" src=\"http:\/\/www.politicosdosuldabahia.com.br\/v1\/wp-content\/uploads\/2025\/10\/WhatsApp-Image-2025-10-09-at-09.30.03.jpeg\" alt=\"\" width=\"455\" height=\"327\" srcset=\"https:\/\/www.politicosdosuldabahia.com.br\/v1\/wp-content\/uploads\/2025\/10\/WhatsApp-Image-2025-10-09-at-09.30.03.jpeg 653w, https:\/\/www.politicosdosuldabahia.com.br\/v1\/wp-content\/uploads\/2025\/10\/WhatsApp-Image-2025-10-09-at-09.30.03-300x215.jpeg 300w\" sizes=\"(max-width: 455px) 100vw, 455px\" \/><\/p>\n<h4 style=\"text-align: center\"><strong><em>Mat\u00e9rias veiculadas n\u00e3o condiz com a realidade do munic\u00edpio<\/em><\/strong><\/h4>\n<h3 style=\"text-align: justify\">Em apenas 10 meses de gest\u00e3o, o prefeito Elder Fontes (PSD), que tamb\u00e9m preside a AMURC, vem se destacando pela condu\u00e7\u00e3o firme e respons\u00e1vel \u00e0 frente do munic\u00edpio de Itaj\u00fa do Col\u00f4nia, situado a 533 km de Salvador. Seu trabalho s\u00f3lido tem colocado a cidade em evid\u00eancia, transformando-a em refer\u00eancia de desenvolvimento no sul da Bahia.<\/h3>\n<h3 style=\"text-align: justify\">Com foco em resultados e compromisso com o progresso local, a atual administra\u00e7\u00e3o tem atendido \u00e0s principais demandas da popula\u00e7\u00e3o, promovendo avan\u00e7os significativos nas \u00e1reas de sa\u00fade, educa\u00e7\u00e3o, cultura, infraestrutura e servi\u00e7os p\u00fablicos.<\/h3>\n<h3 style=\"text-align: justify\">O reconhecimento popular n\u00e3o tardou. A gest\u00e3o de Elder Fontes tem conquistado importantes a\u00e7\u00f5es e investimentos, e o munic\u00edpio \u00e9 hoje citado em toda a Bahia como exemplo de efici\u00eancia administrativa. Itaj\u00fa do Col\u00f4nia vive um novo momento, marcado por obras, dinamismo e conquistas concretas.<\/h3>\n<h3 style=\"text-align: justify\">Em menos de um ano de mandato, a cidade registrou avan\u00e7os expressivos no desenvolvimento econ\u00f4mico, social e administrativo. A melhoria da qualidade de vida \u00e9 vis\u00edvel, e os altos \u00edndices de aprova\u00e7\u00e3o do prefeito refletem um trabalho s\u00e9rio, planejado e comprometido com os interesses coletivos.<\/h3>\n<h3 style=\"text-align: justify\">Apesar disso, alguns ve\u00edculos de comunica\u00e7\u00e3o t\u00eam divulgado informa\u00e7\u00f5es distorcidas sobre a realidade local, ignorando a atua\u00e7\u00e3o presente e transparente da gest\u00e3o municipal. A equipe de governo, formada por profissionais qualificados, executa suas fun\u00e7\u00f5es com responsabilidade e resultados, sempre sob o acompanhamento direto do prefeito.<\/h3>\n<h3 style=\"text-align: justify\">Fiel ao seu estilo de governar, Elder Fontes mant\u00e9m um gabinete de portas abertas a toda a popula\u00e7\u00e3o, independentemente de posi\u00e7\u00e3o pol\u00edtica ou partid\u00e1ria. \u201cSou o prefeito de todos\u201d, refor\u00e7a o gestor, destacando sua postura democr\u00e1tica e participativa.<\/h3>\n<h3 style=\"text-align: justify\">Recentemente, uma mat\u00e9ria sem embasamento tentou, sem sucesso, criar um cen\u00e1rio de insatisfa\u00e7\u00e3o entre moradores e servidores. O conte\u00fado, vago e desconectado da realidade, revela apenas o inc\u00f4modo de quem tenta desmerecer uma administra\u00e7\u00e3o que vem transformando Itaj\u00fa do Col\u00f4nia.<\/h3>\n<h3 style=\"text-align: justify\">A verdade \u00e9 que o munic\u00edpio vive uma nova fase. Com um prefeito presente, que reside na cidade, acompanha de perto as a\u00e7\u00f5es do governo e mant\u00e9m di\u00e1logo constante com a popula\u00e7\u00e3o, Itaj\u00fa do Col\u00f4nia finalmente tem \u00e0 frente uma gest\u00e3o moderna, humana e comprometida com o futuro<\/h3>\n","protected":false},"excerpt":{"rendered":"<p>&nbsp; Mat\u00e9rias veiculadas n\u00e3o condiz com a realidade do munic\u00edpio Em apenas 10 meses de gest\u00e3o, o prefeito Elder Fontes (PSD), que tamb\u00e9m preside a AMURC, vem se destacando pela condu\u00e7\u00e3o firme e respons\u00e1vel \u00e0 frente do munic\u00edpio de Itaj\u00fa do Col\u00f4nia, situado a 533 km de Salvador. Seu trabalho s\u00f3lido tem colocado a cidade [&hellip;]<\/p>\n","protected":false},"author":992,"featured_media":193825,"comment_status":"open","ping_status":"closed","sticky":false,"template":"","format":"standard","meta":{"footnotes":"","_links_to":"","_links_to_target":""},"categories":[3],"tags":[],"class_list":["post-193824","post","type-post","status-publish","format-standard","has-post-thumbnail","hentry","category-cidades"],"views":221,"_links":{"self":[{"href":"https:\/\/www.politicosdosuldabahia.com.br\/v1\/wp-json\/wp\/v2\/posts\/193824"}],"collection":[{"href":"https:\/\/www.politicosdosuldabahia.com.br\/v1\/wp-json\/wp\/v2\/posts"}],"about":[{"href":"https:\/\/www.politicosdosuldabahia.com.br\/v1\/wp-json\/wp\/v2\/types\/post"}],"author":[{"embeddable":true,"href":"https:\/\/www.politicosdosuldabahia.com.br\/v1\/wp-json\/wp\/v2\/users\/992"}],"replies":[{"embeddable":true,"href":"https:\/\/www.politicosdosuldabahia.com.br\/v1\/wp-json\/wp\/v2\/comments?post=193824"}],"version-history":[{"count":1,"href":"https:\/\/www.politicosdosuldabahia.com.br\/v1\/wp-json\/wp\/v2\/posts\/193824\/revisions"}],"predecessor-version":[{"id":193826,"href":"https:\/\/www.politicosdosuldabahia.com.br\/v1\/wp-json\/wp\/v2\/posts\/193824\/revisions\/193826"}],"wp:featuredmedia":[{"embeddable":true,"href":"https:\/\/www.politicosdosuldabahia.com.br\/v1\/wp-json\/wp\/v2\/media\/193825"}],"wp:attachment":[{"href":"https:\/\/www.politicosdosuldabahia.com.br\/v1\/wp-json\/wp\/v2\/media?parent=193824"}],"wp:term":[{"taxonomy":"category","embeddable":true,"href":"https:\/\/www.politicosdosuldabahia.com.br\/v1\/wp-json\/wp\/v2\/categories?post=193824"},{"taxonomy":"post_tag","embeddable":true,"href":"https:\/\/www.politicosdosuldabahia.com.br\/v1\/wp-json\/wp\/v2\/tags?post=193824"}],"curies":[{"name":"wp","href":"https:\/\/api.w.org\/{rel}","templated":true}]}}