
{"id":193817,"date":"2025-10-08T16:34:41","date_gmt":"2025-10-08T19:34:41","guid":{"rendered":"https:\/\/www.politicosdosuldabahia.com.br\/v1\/?p=193817"},"modified":"2025-10-08T17:09:10","modified_gmt":"2025-10-08T20:09:10","slug":"coaraci-saude-registra-avancos-e-amplia-atendimentos-a-populacao","status":"publish","type":"post","link":"https:\/\/www.politicosdosuldabahia.com.br\/v1\/2025\/10\/08\/coaraci-saude-registra-avancos-e-amplia-atendimentos-a-populacao\/","title":{"rendered":"COARACI: SA\u00daDE REGISTRA AVAN\u00c7OS E AMPLIA ATENDIMENTOS \u00c0 POPULA\u00c7\u00c3O"},"content":{"rendered":"<p><img loading=\"lazy\" decoding=\"async\" class=\"alignnone size-full wp-image-193818 aligncenter\" src=\"http:\/\/www.politicosdosuldabahia.com.br\/v1\/wp-content\/uploads\/2025\/10\/WhatsApp-Image-2025-10-08-at-15.52.34.jpeg\" alt=\"\" width=\"455\" height=\"303\" srcset=\"https:\/\/www.politicosdosuldabahia.com.br\/v1\/wp-content\/uploads\/2025\/10\/WhatsApp-Image-2025-10-08-at-15.52.34.jpeg 455w, https:\/\/www.politicosdosuldabahia.com.br\/v1\/wp-content\/uploads\/2025\/10\/WhatsApp-Image-2025-10-08-at-15.52.34-300x200.jpeg 300w\" sizes=\"(max-width: 455px) 100vw, 455px\" \/><\/p>\n<h3 style=\"text-align: justify\">A Secretaria Municipal de Sa\u00fade de Coaraci divulgou o balan\u00e7o das a\u00e7\u00f5es realizadas de janeiro a agosto 2025, destacando o crescimento dos servi\u00e7os prestados em toda a rede. Na Aten\u00e7\u00e3o B\u00e1sica, foram 27 mil atendimentos e 76 mil procedimentos, al\u00e9m de 4,5 mil atendimentos odontol\u00f3gicos e 31 mil procedimentos na \u00e1rea.<\/h3>\n<h3 style=\"text-align: justify\">Os agentes comunit\u00e1rios de sa\u00fade realizaram 81 mil visitas domiciliares, enquanto os agentes de endemias visitaram mais de 4 mil resid\u00eancias. O Centro de Especialidades somou 1.400 atendimentos, e programas como o Melhor em Casa e o EMUTI realizaram quase 900 visitas domiciliares. J\u00e1 o TFD (Tratamento Fora do Domic\u00edlio) promoveu cerca de 800 viagens, e o SAMU registrou mais de 370 ocorr\u00eancias, al\u00e9m de um trabalho de alto profissionalismo desenvolvido pelas equipes de fisioterapia e do Centro de Sa\u00fade Mental, que v\u00eam fortalecendo o cuidado e a reabilita\u00e7\u00e3o de pacientes em diferentes \u00e1reas.<\/h3>\n<h3 style=\"text-align: justify\">O Hospital Geral de Coaraci ultrapassou 10 mil atendimentos e recebeu melhorias estruturais, enquanto a Farm\u00e1cia Central contou com mais de R$ 1 milh\u00e3o em investimentos para garantir o abastecimento de medicamentos.<\/h3>\n<h3 style=\"text-align: justify\">Desde o primeiro dia de mandato, a sa\u00fade tem sido o principal foco da gest\u00e3o, cumprindo uma das principais promessas de campanha: cuidar de gente.<\/h3>\n<h3 style=\"text-align: justify\">Para o prefeito Miltinho, os resultados refletem esse compromisso:<\/h3>\n<h3 style=\"text-align: justify\">\u201cTemos trabalhado para que a sa\u00fade chegue a todos os cantos da cidade, com atendimento humanizado e estrutura adequada. \u00c9 um esfor\u00e7o coletivo para cuidar das pessoas e garantir dignidade em cada servi\u00e7o prestado\u201d, afirmou.<\/h3>\n","protected":false},"excerpt":{"rendered":"<p>A Secretaria Municipal de Sa\u00fade de Coaraci divulgou o balan\u00e7o das a\u00e7\u00f5es realizadas de janeiro a agosto 2025, destacando o crescimento dos servi\u00e7os prestados em toda a rede. Na Aten\u00e7\u00e3o B\u00e1sica, foram 27 mil atendimentos e 76 mil procedimentos, al\u00e9m de 4,5 mil atendimentos odontol\u00f3gicos e 31 mil procedimentos na \u00e1rea. Os agentes comunit\u00e1rios de [&hellip;]<\/p>\n","protected":false},"author":992,"featured_media":193818,"comment_status":"open","ping_status":"closed","sticky":false,"template":"","format":"standard","meta":{"footnotes":"","_links_to":"","_links_to_target":""},"categories":[3],"tags":[],"class_list":["post-193817","post","type-post","status-publish","format-standard","has-post-thumbnail","hentry","category-cidades"],"views":425,"_links":{"self":[{"href":"https:\/\/www.politicosdosuldabahia.com.br\/v1\/wp-json\/wp\/v2\/posts\/193817"}],"collection":[{"href":"https:\/\/www.politicosdosuldabahia.com.br\/v1\/wp-json\/wp\/v2\/posts"}],"about":[{"href":"https:\/\/www.politicosdosuldabahia.com.br\/v1\/wp-json\/wp\/v2\/types\/post"}],"author":[{"embeddable":true,"href":"https:\/\/www.politicosdosuldabahia.com.br\/v1\/wp-json\/wp\/v2\/users\/992"}],"replies":[{"embeddable":true,"href":"https:\/\/www.politicosdosuldabahia.com.br\/v1\/wp-json\/wp\/v2\/comments?post=193817"}],"version-history":[{"count":2,"href":"https:\/\/www.politicosdosuldabahia.com.br\/v1\/wp-json\/wp\/v2\/posts\/193817\/revisions"}],"predecessor-version":[{"id":193820,"href":"https:\/\/www.politicosdosuldabahia.com.br\/v1\/wp-json\/wp\/v2\/posts\/193817\/revisions\/193820"}],"wp:featuredmedia":[{"embeddable":true,"href":"https:\/\/www.politicosdosuldabahia.com.br\/v1\/wp-json\/wp\/v2\/media\/193818"}],"wp:attachment":[{"href":"https:\/\/www.politicosdosuldabahia.com.br\/v1\/wp-json\/wp\/v2\/media?parent=193817"}],"wp:term":[{"taxonomy":"category","embeddable":true,"href":"https:\/\/www.politicosdosuldabahia.com.br\/v1\/wp-json\/wp\/v2\/categories?post=193817"},{"taxonomy":"post_tag","embeddable":true,"href":"https:\/\/www.politicosdosuldabahia.com.br\/v1\/wp-json\/wp\/v2\/tags?post=193817"}],"curies":[{"name":"wp","href":"https:\/\/api.w.org\/{rel}","templated":true}]}}