
{"id":193808,"date":"2025-10-08T08:47:26","date_gmt":"2025-10-08T11:47:26","guid":{"rendered":"https:\/\/www.politicosdosuldabahia.com.br\/v1\/?p=193808"},"modified":"2025-10-08T08:47:26","modified_gmt":"2025-10-08T11:47:26","slug":"barro-preto-continua-a-todo-vapor-a-maior-operacao-de-calcamento-do-municipio","status":"publish","type":"post","link":"https:\/\/www.politicosdosuldabahia.com.br\/v1\/2025\/10\/08\/barro-preto-continua-a-todo-vapor-a-maior-operacao-de-calcamento-do-municipio\/","title":{"rendered":"BARRO PRETO: CONTINUA A TODO VAPOR A MAIOR OPERA\u00c7\u00c3O DE CAL\u00c7AMENTO DO MUNIC\u00cdPIO"},"content":{"rendered":"<p><img loading=\"lazy\" decoding=\"async\" class=\"size-full wp-image-193809 aligncenter\" src=\"http:\/\/www.politicosdosuldabahia.com.br\/v1\/wp-content\/uploads\/2025\/10\/WhatsApp-Image-2025-10-08-at-08.20.13.jpeg\" alt=\"\" width=\"455\" height=\"369\" srcset=\"https:\/\/www.politicosdosuldabahia.com.br\/v1\/wp-content\/uploads\/2025\/10\/WhatsApp-Image-2025-10-08-at-08.20.13.jpeg 455w, https:\/\/www.politicosdosuldabahia.com.br\/v1\/wp-content\/uploads\/2025\/10\/WhatsApp-Image-2025-10-08-at-08.20.13-300x243.jpeg 300w\" sizes=\"(max-width: 455px) 100vw, 455px\" \/><\/p>\n<h3 style=\"text-align: justify\">Em Barro Preto, acontece desde 2022 a MAIOR OPERA\u00c7\u00c3O de cal\u00e7amento de ruas na cidade. Nesta ter\u00e7a-feira, 07 de Outubro de 2025, come\u00e7ou a prepara\u00e7\u00e3o de mais duas ruas no Bairro Bomfimz\u00e3o (F\u00e1bio Pitanga), que \u00e9 o bairro de maior densidade populacional do munic\u00edpio.<\/h3>\n<h3 style=\"text-align: justify\">\u201c\u00c9 uma movimenta\u00e7\u00e3o hist\u00f3rica. O grande projeto da nossa gest\u00e3o \u00e9 cuidar da cidade, mas foi parte do nosso planejamento trazer dignidade para as ruas do nosso maior bairro. J\u00e1 fizemos de mais de uma dezena, e agora estamos iniciando novas duas ruas, com o procedimento correto para que n\u00e3o seja um cal\u00e7amento ruim. A equipe prepara, faz toda estrutura necess\u00e1ria de saneamento b\u00e1sico e passeios, para s\u00f3 assim entrarmos com o cal\u00e7amento.\u201d Informou o Prefeito Juraci da Sa\u00fade, ao comentar sobre a opera\u00e7\u00e3o de cal\u00e7amento em Barro Preto.<\/h3>\n<h3 style=\"text-align: justify\">Essas obras acontecem por meio de investimentos de conv\u00eanios, da Caixa Econ\u00f4mica, Governos Federal e Estadual por meio\u00a0 das emendas e apoios de Deputados. E tamb\u00e9m com recursos pr\u00f3prios da prefeitura, nesta fase de prepara\u00e7\u00e3o que o munic\u00edpio precisa realizar.<\/h3>\n<h3 style=\"text-align: justify\">Com esses avan\u00e7os, Barro Preto segue obtendo destaque no interior do Sul da Bahia como cidade que obtem melhorias com transpar\u00eancia!<\/h3>\n","protected":false},"excerpt":{"rendered":"<p>Em Barro Preto, acontece desde 2022 a MAIOR OPERA\u00c7\u00c3O de cal\u00e7amento de ruas na cidade. Nesta ter\u00e7a-feira, 07 de Outubro de 2025, come\u00e7ou a prepara\u00e7\u00e3o de mais duas ruas no Bairro Bomfimz\u00e3o (F\u00e1bio Pitanga), que \u00e9 o bairro de maior densidade populacional do munic\u00edpio. \u201c\u00c9 uma movimenta\u00e7\u00e3o hist\u00f3rica. O grande projeto da nossa gest\u00e3o \u00e9 [&hellip;]<\/p>\n","protected":false},"author":992,"featured_media":193809,"comment_status":"open","ping_status":"closed","sticky":false,"template":"","format":"standard","meta":{"footnotes":"","_links_to":"","_links_to_target":""},"categories":[3],"tags":[],"class_list":["post-193808","post","type-post","status-publish","format-standard","has-post-thumbnail","hentry","category-cidades"],"views":192,"_links":{"self":[{"href":"https:\/\/www.politicosdosuldabahia.com.br\/v1\/wp-json\/wp\/v2\/posts\/193808"}],"collection":[{"href":"https:\/\/www.politicosdosuldabahia.com.br\/v1\/wp-json\/wp\/v2\/posts"}],"about":[{"href":"https:\/\/www.politicosdosuldabahia.com.br\/v1\/wp-json\/wp\/v2\/types\/post"}],"author":[{"embeddable":true,"href":"https:\/\/www.politicosdosuldabahia.com.br\/v1\/wp-json\/wp\/v2\/users\/992"}],"replies":[{"embeddable":true,"href":"https:\/\/www.politicosdosuldabahia.com.br\/v1\/wp-json\/wp\/v2\/comments?post=193808"}],"version-history":[{"count":1,"href":"https:\/\/www.politicosdosuldabahia.com.br\/v1\/wp-json\/wp\/v2\/posts\/193808\/revisions"}],"predecessor-version":[{"id":193810,"href":"https:\/\/www.politicosdosuldabahia.com.br\/v1\/wp-json\/wp\/v2\/posts\/193808\/revisions\/193810"}],"wp:featuredmedia":[{"embeddable":true,"href":"https:\/\/www.politicosdosuldabahia.com.br\/v1\/wp-json\/wp\/v2\/media\/193809"}],"wp:attachment":[{"href":"https:\/\/www.politicosdosuldabahia.com.br\/v1\/wp-json\/wp\/v2\/media?parent=193808"}],"wp:term":[{"taxonomy":"category","embeddable":true,"href":"https:\/\/www.politicosdosuldabahia.com.br\/v1\/wp-json\/wp\/v2\/categories?post=193808"},{"taxonomy":"post_tag","embeddable":true,"href":"https:\/\/www.politicosdosuldabahia.com.br\/v1\/wp-json\/wp\/v2\/tags?post=193808"}],"curies":[{"name":"wp","href":"https:\/\/api.w.org\/{rel}","templated":true}]}}