
{"id":193802,"date":"2025-10-07T16:35:54","date_gmt":"2025-10-07T19:35:54","guid":{"rendered":"https:\/\/www.politicosdosuldabahia.com.br\/v1\/?p=193802"},"modified":"2025-10-07T16:35:54","modified_gmt":"2025-10-07T19:35:54","slug":"sem-propostas-neto-so-destila-inveja-diz-niltinho","status":"publish","type":"post","link":"https:\/\/www.politicosdosuldabahia.com.br\/v1\/2025\/10\/07\/sem-propostas-neto-so-destila-inveja-diz-niltinho\/","title":{"rendered":"&#8220;SEM PROPOSTAS, NETO S\u00d3 DESTILA INVEJA&#8221;, DIZ NILTINHO"},"content":{"rendered":"<p><img loading=\"lazy\" decoding=\"async\" class=\"wp-image-193803 aligncenter\" src=\"http:\/\/www.politicosdosuldabahia.com.br\/v1\/wp-content\/uploads\/2025\/10\/WhatsApp-Image-2025-10-07-at-16.33.36.jpeg\" alt=\"\" width=\"455\" height=\"310\" srcset=\"https:\/\/www.politicosdosuldabahia.com.br\/v1\/wp-content\/uploads\/2025\/10\/WhatsApp-Image-2025-10-07-at-16.33.36.jpeg 1290w, https:\/\/www.politicosdosuldabahia.com.br\/v1\/wp-content\/uploads\/2025\/10\/WhatsApp-Image-2025-10-07-at-16.33.36-300x205.jpeg 300w, https:\/\/www.politicosdosuldabahia.com.br\/v1\/wp-content\/uploads\/2025\/10\/WhatsApp-Image-2025-10-07-at-16.33.36-1024x699.jpeg 1024w, https:\/\/www.politicosdosuldabahia.com.br\/v1\/wp-content\/uploads\/2025\/10\/WhatsApp-Image-2025-10-07-at-16.33.36-768x524.jpeg 768w\" sizes=\"(max-width: 455px) 100vw, 455px\" \/><\/p>\n<h3 style=\"text-align: justify\">O deputado estadual Niltinho (PP) afirmou nesta ter\u00e7a-feira (7) que ACM Neto age como um verdadeiro esp\u00edrito de porco ao tentar manchar a imagem da Bahia com ataques e intrigas pol\u00edticas. Segundo ele, enquanto o ex-prefeito dedica seu tempo a espalhar pessimismo e desinforma\u00e7\u00e3o, o Governo do Estado trabalha para atrair investimentos, gerar empregos e transformar a vida dos baianos.<\/h3>\n<h3 style=\"text-align: justify\">\u201cO disco do blogueirinho ACM Neto est\u00e1 arranhado. Ele insiste nos mesmos ataques arrogantes ao governador Jer\u00f4nimo Rodrigues, sendo incapaz de apresentar propostas construtivas em prol do povo baiano. \u00c9 cada vez mais vistosa a baba da inveja e do ressentimento da indigesta derrota de 2022, que escorre em seus arroubos midi\u00e1ticos\u201d.<\/h3>\n<h3 style=\"text-align: justify\">Na quinta-feira (9), o presidente Luiz In\u00e1cio Lula da Silva estar\u00e1 na Bahia para inaugurar a f\u00e1brica da BYD em Cama\u00e7ari, que inicia suas opera\u00e7\u00f5es com cerca de mil trabalhadores \u2014 um marco na retomada industrial do estado e s\u00edmbolo da nova fase de desenvolvimento sustent\u00e1vel e tecnol\u00f3gico da economia baiana.<\/h3>\n<h3 style=\"text-align: justify\">\u201cEnquanto ele torce contra a Bahia, o governador Jer\u00f4nimo Rodrigues e o presidente Lula est\u00e3o fazendo hist\u00f3ria, inaugurando f\u00e1bricas, reabrindo estaleiros e impulsionando o desenvolvimento\u201d, ironizou o parlamentar<\/h3>\n<h3 style=\"text-align: justify\">Entre as iniciativas, est\u00e3o a reativa\u00e7\u00e3o da produ\u00e7\u00e3o de fertilizantes pela Petrobras e a retomada das atividades do Estaleiro Enseada, em Maragogipe. As duas f\u00e1bricas de fertilizantes, paralisadas em 2019 pelo governo anterior, voltam a operar, fortalecendo a economia baiana e o agroneg\u00f3cio nacional. Com isso, haver\u00e1 maior oferta de fertilizantes e mais competitividade para o setor agr\u00edcola \u2014 e a Bahia, uma das l\u00edderes do pa\u00eds em produ\u00e7\u00e3o, se beneficiar\u00e1 diretamente.<\/h3>\n<h3 style=\"text-align: justify\">O investimento total na refinaria baiana \u00e9 de R$ 17 milh\u00f5es, com estimativa de gera\u00e7\u00e3o de 800 empregos, priorizando a m\u00e3o de obra local. A Petrobras tamb\u00e9m retomou o canteiro de obras do Estaleiro Enseada, que no auge chegou a empregar 8 mil pessoas e agora volta a impulsionar o desenvolvimento do Rec\u00f4ncavo.<\/h3>\n<h3 style=\"text-align: justify\">Atualmente, cerca de 600 trabalhadores atuam na produ\u00e7\u00e3o de balsas destinadas ao transporte fluvial. Al\u00e9m disso, seis novas embarca\u00e7\u00f5es foram contratadas para a\u00e7\u00f5es de controle ambiental em alto-mar.<\/h3>\n<h3 style=\"text-align: justify\">Esses investimentos ter\u00e3o impacto direto na gera\u00e7\u00e3o de empregos e no fortalecimento da cadeia produtiva local. A expectativa \u00e9 de 5,4 mil novos postos de trabalho, com in\u00edcio da produ\u00e7\u00e3o previsto para abril de 2026.<\/h3>\n<h3 style=\"text-align: justify\">\u201cIsso sim \u00e9 pensar na qualidade de vida do povo baiano \u2014 com emprego, renda, inova\u00e7\u00e3o tecnol\u00f3gica e forma\u00e7\u00e3o de m\u00e3o de obra qualificada para as empresas de ponta que est\u00e3o chegando \u00e0 Bahia. \u00c9 a diferen\u00e7a entre quem destr\u00f3i e quem constr\u00f3i\u201d, concluiu o parlamentar.<\/h3>\n","protected":false},"excerpt":{"rendered":"<p>O deputado estadual Niltinho (PP) afirmou nesta ter\u00e7a-feira (7) que ACM Neto age como um verdadeiro esp\u00edrito de porco ao tentar manchar a imagem da Bahia com ataques e intrigas pol\u00edticas. Segundo ele, enquanto o ex-prefeito dedica seu tempo a espalhar pessimismo e desinforma\u00e7\u00e3o, o Governo do Estado trabalha para atrair investimentos, gerar empregos e [&hellip;]<\/p>\n","protected":false},"author":992,"featured_media":193803,"comment_status":"open","ping_status":"closed","sticky":false,"template":"","format":"standard","meta":{"footnotes":"","_links_to":"","_links_to_target":""},"categories":[3],"tags":[],"class_list":["post-193802","post","type-post","status-publish","format-standard","has-post-thumbnail","hentry","category-cidades"],"views":228,"_links":{"self":[{"href":"https:\/\/www.politicosdosuldabahia.com.br\/v1\/wp-json\/wp\/v2\/posts\/193802"}],"collection":[{"href":"https:\/\/www.politicosdosuldabahia.com.br\/v1\/wp-json\/wp\/v2\/posts"}],"about":[{"href":"https:\/\/www.politicosdosuldabahia.com.br\/v1\/wp-json\/wp\/v2\/types\/post"}],"author":[{"embeddable":true,"href":"https:\/\/www.politicosdosuldabahia.com.br\/v1\/wp-json\/wp\/v2\/users\/992"}],"replies":[{"embeddable":true,"href":"https:\/\/www.politicosdosuldabahia.com.br\/v1\/wp-json\/wp\/v2\/comments?post=193802"}],"version-history":[{"count":1,"href":"https:\/\/www.politicosdosuldabahia.com.br\/v1\/wp-json\/wp\/v2\/posts\/193802\/revisions"}],"predecessor-version":[{"id":193804,"href":"https:\/\/www.politicosdosuldabahia.com.br\/v1\/wp-json\/wp\/v2\/posts\/193802\/revisions\/193804"}],"wp:featuredmedia":[{"embeddable":true,"href":"https:\/\/www.politicosdosuldabahia.com.br\/v1\/wp-json\/wp\/v2\/media\/193803"}],"wp:attachment":[{"href":"https:\/\/www.politicosdosuldabahia.com.br\/v1\/wp-json\/wp\/v2\/media?parent=193802"}],"wp:term":[{"taxonomy":"category","embeddable":true,"href":"https:\/\/www.politicosdosuldabahia.com.br\/v1\/wp-json\/wp\/v2\/categories?post=193802"},{"taxonomy":"post_tag","embeddable":true,"href":"https:\/\/www.politicosdosuldabahia.com.br\/v1\/wp-json\/wp\/v2\/tags?post=193802"}],"curies":[{"name":"wp","href":"https:\/\/api.w.org\/{rel}","templated":true}]}}