
{"id":193796,"date":"2025-10-07T15:30:05","date_gmt":"2025-10-07T18:30:05","guid":{"rendered":"https:\/\/www.politicosdosuldabahia.com.br\/v1\/?p=193796"},"modified":"2025-10-07T15:30:05","modified_gmt":"2025-10-07T18:30:05","slug":"avante-bahia-filia-novos-membros-com-foco-na-lideranca-partidaria-no-estado","status":"publish","type":"post","link":"https:\/\/www.politicosdosuldabahia.com.br\/v1\/2025\/10\/07\/avante-bahia-filia-novos-membros-com-foco-na-lideranca-partidaria-no-estado\/","title":{"rendered":"AVANTE BAHIA FILIA NOVOS MEMBROS COM FOCO NA LIDERAN\u00c7A PARTID\u00c1RIA NO ESTADO"},"content":{"rendered":"<p><img loading=\"lazy\" decoding=\"async\" class=\"wp-image-193797 aligncenter\" src=\"http:\/\/www.politicosdosuldabahia.com.br\/v1\/wp-content\/uploads\/2025\/10\/WhatsApp-Image-2025-10-07-at-11.56.06.jpeg\" alt=\"\" width=\"455\" height=\"256\" srcset=\"https:\/\/www.politicosdosuldabahia.com.br\/v1\/wp-content\/uploads\/2025\/10\/WhatsApp-Image-2025-10-07-at-11.56.06.jpeg 1200w, https:\/\/www.politicosdosuldabahia.com.br\/v1\/wp-content\/uploads\/2025\/10\/WhatsApp-Image-2025-10-07-at-11.56.06-300x169.jpeg 300w, https:\/\/www.politicosdosuldabahia.com.br\/v1\/wp-content\/uploads\/2025\/10\/WhatsApp-Image-2025-10-07-at-11.56.06-1024x576.jpeg 1024w, https:\/\/www.politicosdosuldabahia.com.br\/v1\/wp-content\/uploads\/2025\/10\/WhatsApp-Image-2025-10-07-at-11.56.06-768x432.jpeg 768w\" sizes=\"(max-width: 455px) 100vw, 455px\" \/><\/p>\n<h3 style=\"text-align: justify\">Nove novas lideran\u00e7as pol\u00edticas passaram a integrar o Avante Bahia, em cerim\u00f4nia realizada nesta segunda-feira (6), no audit\u00f3rio do Quality Hotel, no Stiep. Bastante concorrido, o evento contou com as presen\u00e7as do presidente nacional do partido, Luis Tib\u00e9; do presidente estadual da legenda, Ronaldo Carletto, do chefe da pasta estadual da Agricultura e secret\u00e1rio-geral do partido, Pablo Barrozo, demais autoridades e integrantes do partido.<\/h3>\n<h3 style=\"text-align: justify\">Os novos filiados s\u00e3o a presidente e vice do Avante Mulher, Daniela Lacerda e J\u00e9ssika de Oliveira, respectivamente; o presidente do Avante Jovem, Lucas Sarmento; M\u00e1rcio Jandir, que foi candidato a prefeito em Juazeiro: Gerliane Mota, ex-candidata a vice-prefeita de Lu\u00eds Eduardo Magalh\u00e3es; Luiza de Deus, pr\u00e9-candidata a deputada federal por Juazeiro; Fernanda S\u00e1 Teles, ex-prefeita de Wanderley; Marcelo Emerenciano, ex-prefeito de Cocos; e Elmo Vaz, ex-prefeito de Irec\u00ea. Em discurso, todos demonstraram satisfa\u00e7\u00e3o em ingressar no partido e o compromisso com a popula\u00e7\u00e3o, atrav\u00e9s da pol\u00edtica.<\/h3>\n<h3 style=\"text-align: justify\">O presidente nacional, Lu\u00eds Tib\u00e9, ressaltou a for\u00e7a que o partido possui na Bahia, com o trabalho realizado pelo l\u00edder estadual, Ronaldo Carletto, de agregar grandes nomes que tem contribu\u00eddo para trazer credibilidade ao grupo. &#8220;N\u00e3o tenho d\u00favidas de que o Avante vai ficar muito mais forte aqui no estado, agora tamb\u00e9m com o Avante Mulher e o Avante Jovem. \u00c9 muito feliz para um dirigente estar vivenciando isso&#8221;, declarou.<\/h3>\n<h3 style=\"text-align: justify\">O presidente do Avante Bahia, Ronaldo Carletto, salientou que a legenda \u00e9 a que mais cresce na Bahia e no Brasil e destacou que o diferencial do partido \u00e9 a liberdade e a participa\u00e7\u00e3o de todos os membros na constru\u00e7\u00e3o e fortalecimento da legenda. &#8220;Este partido n\u00e3o tem dono e est\u00e1 se consolidando como um partido diferenciado, por ser de todos n\u00f3s. At\u00e9 dezembro teremos mais dois eventos de filia\u00e7\u00e3o e, at\u00e9 abril, vamos fazer um trabalho firme e forte contando com cada um, para que tenhamos ainda mais candidatos. Que voc\u00eas sejam bem-vindos e, com certeza e convic\u00e7\u00e3o, digo que aqui n\u00e3o se larga a m\u00e3o de ningu\u00e9m&#8221;, pontuou.<\/h3>\n<h3 style=\"text-align: justify\">O secret\u00e1rio-geral do Avante Bahia, Pablo Barrozo, celebrou a chegada dos novos filiados, ressaltando que os novos membros querem fazer um trabalho para fortalecer, ainda mais, o partido em toda a Bahia. &#8220;Temos dois anos e meio trabalhando na constru\u00e7\u00e3o de um partido s\u00f3lido, forte, com homens e mulheres aguerridos, competentes, que tem hist\u00f3ria pela Bahia e que querem fazer uma hist\u00f3ria diferente, aliado ao trabalho que tem sido desenvolvido pelo governador Jer\u00f4nimo Rodrigues. Ent\u00e3o, hoje \u00e9 um dia de comemora\u00e7\u00e3o por abrir a porta da nossa casa pra tanta gente especial&#8221;, afirmou.<\/h3>\n<h3 style=\"text-align: justify\">O evento tamb\u00e9m foi marcado pela presen\u00e7a do secret\u00e1rio de Rela\u00e7\u00f5es Institucionais, Adolpho Loyola; do ex-presidente do Avante Bahia, deputado federal\u00a0 Pastor Sargento Isid\u00f3rio; dos deputados federal Netto Carletto e Bruno Farias (Avante &#8211; MG), dos deputados estaduais Ricardo Rodrigues, Patrick Oliveira , Felipe Duarte e da deputada estadual Fab\u00edola Mansur, o presidente da CBPM Henrique Carballal, o presidente da UPB e prefeito de Andara\u00ed, Wilson Cardoso, al\u00e9m de prefeitos, vereadores e demais membros e convidados do partido.<\/h3>\n","protected":false},"excerpt":{"rendered":"<p>Nove novas lideran\u00e7as pol\u00edticas passaram a integrar o Avante Bahia, em cerim\u00f4nia realizada nesta segunda-feira (6), no audit\u00f3rio do Quality Hotel, no Stiep. Bastante concorrido, o evento contou com as presen\u00e7as do presidente nacional do partido, Luis Tib\u00e9; do presidente estadual da legenda, Ronaldo Carletto, do chefe da pasta estadual da Agricultura e secret\u00e1rio-geral do [&hellip;]<\/p>\n","protected":false},"author":992,"featured_media":193797,"comment_status":"open","ping_status":"closed","sticky":false,"template":"","format":"standard","meta":{"footnotes":"","_links_to":"","_links_to_target":""},"categories":[3],"tags":[],"class_list":["post-193796","post","type-post","status-publish","format-standard","has-post-thumbnail","hentry","category-cidades"],"views":246,"_links":{"self":[{"href":"https:\/\/www.politicosdosuldabahia.com.br\/v1\/wp-json\/wp\/v2\/posts\/193796"}],"collection":[{"href":"https:\/\/www.politicosdosuldabahia.com.br\/v1\/wp-json\/wp\/v2\/posts"}],"about":[{"href":"https:\/\/www.politicosdosuldabahia.com.br\/v1\/wp-json\/wp\/v2\/types\/post"}],"author":[{"embeddable":true,"href":"https:\/\/www.politicosdosuldabahia.com.br\/v1\/wp-json\/wp\/v2\/users\/992"}],"replies":[{"embeddable":true,"href":"https:\/\/www.politicosdosuldabahia.com.br\/v1\/wp-json\/wp\/v2\/comments?post=193796"}],"version-history":[{"count":1,"href":"https:\/\/www.politicosdosuldabahia.com.br\/v1\/wp-json\/wp\/v2\/posts\/193796\/revisions"}],"predecessor-version":[{"id":193798,"href":"https:\/\/www.politicosdosuldabahia.com.br\/v1\/wp-json\/wp\/v2\/posts\/193796\/revisions\/193798"}],"wp:featuredmedia":[{"embeddable":true,"href":"https:\/\/www.politicosdosuldabahia.com.br\/v1\/wp-json\/wp\/v2\/media\/193797"}],"wp:attachment":[{"href":"https:\/\/www.politicosdosuldabahia.com.br\/v1\/wp-json\/wp\/v2\/media?parent=193796"}],"wp:term":[{"taxonomy":"category","embeddable":true,"href":"https:\/\/www.politicosdosuldabahia.com.br\/v1\/wp-json\/wp\/v2\/categories?post=193796"},{"taxonomy":"post_tag","embeddable":true,"href":"https:\/\/www.politicosdosuldabahia.com.br\/v1\/wp-json\/wp\/v2\/tags?post=193796"}],"curies":[{"name":"wp","href":"https:\/\/api.w.org\/{rel}","templated":true}]}}