
{"id":193780,"date":"2025-10-07T08:58:57","date_gmt":"2025-10-07T11:58:57","guid":{"rendered":"https:\/\/www.politicosdosuldabahia.com.br\/v1\/?p=193780"},"modified":"2025-10-07T08:58:57","modified_gmt":"2025-10-07T11:58:57","slug":"ilheus-prefeitura-reforca-combate-a-dengue-com-instalacao-de-armadilhas-e-pulverizacao-quinzenal-no-patio-municipal","status":"publish","type":"post","link":"https:\/\/www.politicosdosuldabahia.com.br\/v1\/2025\/10\/07\/ilheus-prefeitura-reforca-combate-a-dengue-com-instalacao-de-armadilhas-e-pulverizacao-quinzenal-no-patio-municipal\/","title":{"rendered":"ILH\u00c9US: PREFEITURA REFOR\u00c7A COMBATE \u00c0 DENGUE COM INSTALA\u00c7\u00c3O DE ARMADILHAS E PULVERIZA\u00c7\u00c3O QUINZENAL NO P\u00c1TIO MUNICIPAL"},"content":{"rendered":"<p><img loading=\"lazy\" decoding=\"async\" class=\"alignnone size-full wp-image-193781 aligncenter\" src=\"http:\/\/www.politicosdosuldabahia.com.br\/v1\/wp-content\/uploads\/2025\/10\/WhatsApp-Image-2025-10-06-at-21.13.34.jpeg\" alt=\"\" width=\"440\" height=\"297\" srcset=\"https:\/\/www.politicosdosuldabahia.com.br\/v1\/wp-content\/uploads\/2025\/10\/WhatsApp-Image-2025-10-06-at-21.13.34.jpeg 440w, https:\/\/www.politicosdosuldabahia.com.br\/v1\/wp-content\/uploads\/2025\/10\/WhatsApp-Image-2025-10-06-at-21.13.34-300x203.jpeg 300w\" sizes=\"(max-width: 440px) 100vw, 440px\" \/><\/p>\n<p>&nbsp;<\/p>\n<h4 style=\"text-align: center\"><strong><em>A\u00e7\u00e3o integra o projeto \u201cUnidos Contra a Dengue\u201d e visa eliminar focos do mosquito Aedes aegypti em \u00e1rea com ve\u00edculos abandonados, garantindo mais seguran\u00e7a \u00e0 popula\u00e7\u00e3o do entorno<\/em><\/strong><\/h4>\n<h3 style=\"text-align: justify\">A Prefeitura de Ilh\u00e9us, por meio da Secretaria Municipal de Sa\u00fade, intensificou as a\u00e7\u00f5es de combate \u00e0 dengue com a instala\u00e7\u00e3o de armadilhas do tipo Pneutrap e a realiza\u00e7\u00e3o de pulveriza\u00e7\u00e3o quinzenal no p\u00e1tio do Centro Administrativo. O local foi identificado como ponto estrat\u00e9gico para o monitoramento, por concentrar ve\u00edculos abandonados desde gest\u00f5es anteriores, que podem acumular \u00e1gua e favorecer a prolifera\u00e7\u00e3o do mosquito Aedes aegypti.<\/h3>\n<h3 style=\"text-align: justify\">De acordo com Roberto Almeida, coordenador de campo do setor de Endemias, a iniciativa faz parte do projeto \u201cUnidos Contra a Dengue\u201d, que tem como objetivo aprimorar o controle e a vigil\u00e2ncia dos criadouros. \u201cA cada 15 dias, uma equipe retorna ao local para coletar as palhetas das armadilhas e realizar o tratamento com inseticida. As amostras s\u00e3o encaminhadas ao laborat\u00f3rio, onde verificamos a presen\u00e7a de ovos do mosquito. Com base nesses resultados, elaboramos estrat\u00e9gias espec\u00edficas para as \u00e1reas com maior incid\u00eancia\u201d, explicou Roberto.<\/h3>\n<h3 style=\"text-align: justify\">A secret\u00e1ria de Sa\u00fade, Sonilda Mello, destacou que a a\u00e7\u00e3o preventiva refor\u00e7a o compromisso da gest\u00e3o com a sa\u00fade p\u00fablica e o cuidado com o entorno do pr\u00e9dio municipal. \u201cCarros parados acumulam \u00e1gua e podem se tornar criadouros do mosquito. Por isso, instalamos as armadilhas e intensificamos a fiscaliza\u00e7\u00e3o para evitar a prolifera\u00e7\u00e3o do Aedes aegypti. \u00c9 um trabalho cont\u00ednuo e essencial para proteger a popula\u00e7\u00e3o\u201d, afirmou.<\/h3>\n<h3 style=\"text-align: justify\">O prefeito Valderico Junior ressaltou que, enquanto o processo de leil\u00e3o dos ve\u00edculos n\u00e3o \u00e9 conclu\u00eddo, o munic\u00edpio segue adotando todas as medidas poss\u00edveis para evitar riscos \u00e0 sa\u00fade p\u00fablica. \u201cTemos buscado agilizar a retirada desses carros, mas enquanto isso n\u00e3o acontece, estamos cuidando do local com responsabilidade. Parabenizo a equipe da Sa\u00fade e pe\u00e7o o apoio da popula\u00e7\u00e3o para permitir o acesso dos agentes \u00e0s resid\u00eancias. A luta contra a dengue \u00e9 um dever coletivo, e s\u00f3 venceremos se estivermos todos unidos\u201d, declarou o prefeito.<\/h3>\n<h3 style=\"text-align: justify\">Com essas a\u00e7\u00f5es, a Prefeitura refor\u00e7a o compromisso com o controle da dengue e a preserva\u00e7\u00e3o da sa\u00fade dos ilheenses, destacando a import\u00e2ncia da participa\u00e7\u00e3o de toda a comunidade no enfrentamento ao mosquito transmissor.<\/h3>\n","protected":false},"excerpt":{"rendered":"<p>&nbsp; A\u00e7\u00e3o integra o projeto \u201cUnidos Contra a Dengue\u201d e visa eliminar focos do mosquito Aedes aegypti em \u00e1rea com ve\u00edculos abandonados, garantindo mais seguran\u00e7a \u00e0 popula\u00e7\u00e3o do entorno A Prefeitura de Ilh\u00e9us, por meio da Secretaria Municipal de Sa\u00fade, intensificou as a\u00e7\u00f5es de combate \u00e0 dengue com a instala\u00e7\u00e3o de armadilhas do tipo Pneutrap [&hellip;]<\/p>\n","protected":false},"author":992,"featured_media":193781,"comment_status":"open","ping_status":"closed","sticky":false,"template":"","format":"standard","meta":{"footnotes":"","_links_to":"","_links_to_target":""},"categories":[3],"tags":[],"class_list":["post-193780","post","type-post","status-publish","format-standard","has-post-thumbnail","hentry","category-cidades"],"views":173,"_links":{"self":[{"href":"https:\/\/www.politicosdosuldabahia.com.br\/v1\/wp-json\/wp\/v2\/posts\/193780"}],"collection":[{"href":"https:\/\/www.politicosdosuldabahia.com.br\/v1\/wp-json\/wp\/v2\/posts"}],"about":[{"href":"https:\/\/www.politicosdosuldabahia.com.br\/v1\/wp-json\/wp\/v2\/types\/post"}],"author":[{"embeddable":true,"href":"https:\/\/www.politicosdosuldabahia.com.br\/v1\/wp-json\/wp\/v2\/users\/992"}],"replies":[{"embeddable":true,"href":"https:\/\/www.politicosdosuldabahia.com.br\/v1\/wp-json\/wp\/v2\/comments?post=193780"}],"version-history":[{"count":1,"href":"https:\/\/www.politicosdosuldabahia.com.br\/v1\/wp-json\/wp\/v2\/posts\/193780\/revisions"}],"predecessor-version":[{"id":193782,"href":"https:\/\/www.politicosdosuldabahia.com.br\/v1\/wp-json\/wp\/v2\/posts\/193780\/revisions\/193782"}],"wp:featuredmedia":[{"embeddable":true,"href":"https:\/\/www.politicosdosuldabahia.com.br\/v1\/wp-json\/wp\/v2\/media\/193781"}],"wp:attachment":[{"href":"https:\/\/www.politicosdosuldabahia.com.br\/v1\/wp-json\/wp\/v2\/media?parent=193780"}],"wp:term":[{"taxonomy":"category","embeddable":true,"href":"https:\/\/www.politicosdosuldabahia.com.br\/v1\/wp-json\/wp\/v2\/categories?post=193780"},{"taxonomy":"post_tag","embeddable":true,"href":"https:\/\/www.politicosdosuldabahia.com.br\/v1\/wp-json\/wp\/v2\/tags?post=193780"}],"curies":[{"name":"wp","href":"https:\/\/api.w.org\/{rel}","templated":true}]}}