
{"id":193777,"date":"2025-10-07T08:55:45","date_gmt":"2025-10-07T11:55:45","guid":{"rendered":"https:\/\/www.politicosdosuldabahia.com.br\/v1\/?p=193777"},"modified":"2025-10-07T08:55:45","modified_gmt":"2025-10-07T11:55:45","slug":"jeronimo-rodrigues-recebe-homenagem-durante-abertura-do-xvii-consepre-e-destaca-importancia-da-bahia-no-fortalecimento-do-judiciario","status":"publish","type":"post","link":"https:\/\/www.politicosdosuldabahia.com.br\/v1\/2025\/10\/07\/jeronimo-rodrigues-recebe-homenagem-durante-abertura-do-xvii-consepre-e-destaca-importancia-da-bahia-no-fortalecimento-do-judiciario\/","title":{"rendered":"JER\u00d4NIMO RODRIGUES RECEBE HOMENAGEM DURANTE ABERTURA DO XVII CONSEPRE E DESTACA IMPORT\u00c2NCIA DA BAHIA NO FORTALECIMENTO DO JUDICI\u00c1RIO"},"content":{"rendered":"<h3><img loading=\"lazy\" decoding=\"async\" class=\"alignnone size-full wp-image-193778 aligncenter\" src=\"http:\/\/www.politicosdosuldabahia.com.br\/v1\/wp-content\/uploads\/2025\/10\/Fotos-Matheus-LandimGOVBA-3.jpg\" alt=\"\" width=\"455\" height=\"303\" srcset=\"https:\/\/www.politicosdosuldabahia.com.br\/v1\/wp-content\/uploads\/2025\/10\/Fotos-Matheus-LandimGOVBA-3.jpg 455w, https:\/\/www.politicosdosuldabahia.com.br\/v1\/wp-content\/uploads\/2025\/10\/Fotos-Matheus-LandimGOVBA-3-300x200.jpg 300w\" sizes=\"(max-width: 455px) 100vw, 455px\" \/><\/h3>\n<h3 style=\"text-align: justify\">A Bahia se torna, entre os dias 6 e 8 de outubro, o centro das discuss\u00f5es sobre o futuro e o fortalecimento do poder judici\u00e1rio brasileiro. O estado sedia, pela primeira vez, o XVII Encontro do Conselho de Presidentes dos Tribunais de Justi\u00e7a do Brasil (Consepre), evento que re\u00fane presidentes dos Tribunais de Justi\u00e7a de todo o pa\u00eds para debater temas fundamentais voltados \u00e0 efici\u00eancia, transpar\u00eancia e acesso \u00e0 Justi\u00e7a.<\/h3>\n<h3 style=\"text-align: justify\">Durante solenidade de abertura, nesta segunda-feira (6), no Sal\u00e3o Nobre do F\u00f3rum Ruy Barbosa, em Salvador, o governador Jer\u00f4nimo Rodrigues foi homenageado com a Medalha do M\u00e9rito do Judici\u00e1rio do Estado da Bahia, em reconhecimento ao compromisso com a ado\u00e7\u00e3o de pol\u00edticas p\u00fablicas voltadas \u00e0 promo\u00e7\u00e3o da paz e da inclus\u00e3o social, a exemplo do Programa Bahia pela Paz.<\/h3>\n<h3 style=\"text-align: justify\">\u201c\u00c9 uma honra receber na Bahia os presidentes dos Tribunais de Justi\u00e7a de todo o Brasil. Este \u00e9 um momento de grande relev\u00e2ncia para o pa\u00eds, pois reafirma o compromisso do Judici\u00e1rio com a democracia e com a defesa dos direitos da popula\u00e7\u00e3o, especialmente dos mais vulner\u00e1veis. A Bahia tem sido palco de debates importantes sobre inclus\u00e3o, justi\u00e7a social e fortalecimento das institui\u00e7\u00f5es, e o Consepre contribui diretamente para esse avan\u00e7o\u201d, destacou Jer\u00f4nimo.<\/h3>\n<h3 style=\"text-align: justify\">Anfitri\u00e3 desta edi\u00e7\u00e3o, a presidente do Tribunal de Justi\u00e7a da Bahia (TJBA), desembargadora Cynthia Maria Pina Resende, que tamb\u00e9m ocupa o cargo de vice-presidente de Cultura do Consepre, ressaltou o simbolismo do evento. \u201cO Consepre representa um momento de transforma\u00e7\u00e3o para o Judici\u00e1rio. Vamos debater nesses tr\u00eas dias, temas fundamentais como sustentabilidade, inclus\u00e3o e transforma\u00e7\u00e3o digital \u2014 assuntos que refletem uma nova mentalidade dentro da justi\u00e7a. Hoje, o Judici\u00e1rio n\u00e3o se limita a julgar processos; ele participa ativamente da constru\u00e7\u00e3o de uma sociedade mais justa e consciente\u201d, destacou a presidente do TJBA, desembargadora Cynthia Resende.<\/h3>\n<h3 style=\"text-align: justify\">O encontro reuniu ainda, o presidente do Supremo Tribunal Federal (STF) e do Conselho Nacional de Justi\u00e7a (CNJ), ministro Lu\u00eds Roberto Barroso, representantes do Tribunal de Justi\u00e7a da Bahia (TJBA) e diversas autoridades dos poderes Executivo, Legislativo e Judici\u00e1rio. Na ocasi\u00e3o, Barroso tamb\u00e9m foi homenageado. \u201cQuero manifestar minha gratid\u00e3o pela homenagem e dizer que estou satisfeito com o trabalho realizado at\u00e9 aqui, que reflete meu compromisso com o servi\u00e7o p\u00fablico e o desejo de contribuir para um Brasil melhor. Destaco, neste per\u00edodo, a cria\u00e7\u00e3o de iniciativas voltadas \u00e0 padroniza\u00e7\u00e3o da magistratura, \u00e0 promo\u00e7\u00e3o da igualdade de g\u00eanero e racial, \u00e0 simplifica\u00e7\u00e3o da linguagem jur\u00eddica e \u00e0 implementa\u00e7\u00e3o do programa de sustentabilidade ambiental Judici\u00e1rio Carbono Zero\u201d, afirmou Barroso.<\/h3>\n<h3 style=\"text-align: justify\">Logo ap\u00f3s, o ministro proferiu a Confer\u00eancia Magna com o tema \u201cO Poder Judici\u00e1rio como Agente de Transforma\u00e7\u00e3o Social e Ambiental\u201d, que marcou a abertura dos debates do XVII Consepre.<\/h3>\n<h3 style=\"text-align: justify\">Nos dias seguintes, as atividades continuam no Hotel Wish, com pain\u00e9is e debates sobre a atua\u00e7\u00e3o do Judici\u00e1rio frente aos desafios contempor\u00e2neos. O encerramento, no dia 8 de outubro, ser\u00e1 marcado pela leitura p\u00fablica da Carta do XVII Consepre Salvador e pela apresenta\u00e7\u00e3o da pr\u00f3xima edi\u00e7\u00e3o do encontro, que ser\u00e1 sediada em Minas Gerais.<\/h3>\n<h3 style=\"text-align: justify\"><\/h3>\n<h3 style=\"text-align: justify\"><strong>Sobre o Conselho<\/strong><\/h3>\n<h3 style=\"text-align: justify\">Criado em 2021, o Consepre nasceu da uni\u00e3o do Conselho de Tribunais de Justi\u00e7a e do Col\u00e9gio de Presidentes de Tribunais de Justi\u00e7a, com o prop\u00f3sito de fortalecer a representatividade institucional e promover a uniformiza\u00e7\u00e3o de boas pr\u00e1ticas entre os Tribunais\u00a0de\u00a0todo\u00a0o\u00a0pa\u00eds.<\/h3>\n<h3 style=\"text-align: justify\"><\/h3>\n","protected":false},"excerpt":{"rendered":"<p>A Bahia se torna, entre os dias 6 e 8 de outubro, o centro das discuss\u00f5es sobre o futuro e o fortalecimento do poder judici\u00e1rio brasileiro. O estado sedia, pela primeira vez, o XVII Encontro do Conselho de Presidentes dos Tribunais de Justi\u00e7a do Brasil (Consepre), evento que re\u00fane presidentes dos Tribunais de Justi\u00e7a de [&hellip;]<\/p>\n","protected":false},"author":992,"featured_media":193778,"comment_status":"open","ping_status":"closed","sticky":false,"template":"","format":"standard","meta":{"footnotes":"","_links_to":"","_links_to_target":""},"categories":[3],"tags":[],"class_list":["post-193777","post","type-post","status-publish","format-standard","has-post-thumbnail","hentry","category-cidades"],"views":178,"_links":{"self":[{"href":"https:\/\/www.politicosdosuldabahia.com.br\/v1\/wp-json\/wp\/v2\/posts\/193777"}],"collection":[{"href":"https:\/\/www.politicosdosuldabahia.com.br\/v1\/wp-json\/wp\/v2\/posts"}],"about":[{"href":"https:\/\/www.politicosdosuldabahia.com.br\/v1\/wp-json\/wp\/v2\/types\/post"}],"author":[{"embeddable":true,"href":"https:\/\/www.politicosdosuldabahia.com.br\/v1\/wp-json\/wp\/v2\/users\/992"}],"replies":[{"embeddable":true,"href":"https:\/\/www.politicosdosuldabahia.com.br\/v1\/wp-json\/wp\/v2\/comments?post=193777"}],"version-history":[{"count":1,"href":"https:\/\/www.politicosdosuldabahia.com.br\/v1\/wp-json\/wp\/v2\/posts\/193777\/revisions"}],"predecessor-version":[{"id":193779,"href":"https:\/\/www.politicosdosuldabahia.com.br\/v1\/wp-json\/wp\/v2\/posts\/193777\/revisions\/193779"}],"wp:featuredmedia":[{"embeddable":true,"href":"https:\/\/www.politicosdosuldabahia.com.br\/v1\/wp-json\/wp\/v2\/media\/193778"}],"wp:attachment":[{"href":"https:\/\/www.politicosdosuldabahia.com.br\/v1\/wp-json\/wp\/v2\/media?parent=193777"}],"wp:term":[{"taxonomy":"category","embeddable":true,"href":"https:\/\/www.politicosdosuldabahia.com.br\/v1\/wp-json\/wp\/v2\/categories?post=193777"},{"taxonomy":"post_tag","embeddable":true,"href":"https:\/\/www.politicosdosuldabahia.com.br\/v1\/wp-json\/wp\/v2\/tags?post=193777"}],"curies":[{"name":"wp","href":"https:\/\/api.w.org\/{rel}","templated":true}]}}