
{"id":193762,"date":"2025-10-06T16:32:06","date_gmt":"2025-10-06T19:32:06","guid":{"rendered":"https:\/\/www.politicosdosuldabahia.com.br\/v1\/?p=193762"},"modified":"2025-10-06T16:32:06","modified_gmt":"2025-10-06T19:32:06","slug":"thiago-martins-parabeniza-acao-da-pm-e-das-forcas-de-seguranca-em-operacao-que-libertou-mae-e-filha-feitas-refens-na-morada-do-porto","status":"publish","type":"post","link":"https:\/\/www.politicosdosuldabahia.com.br\/v1\/2025\/10\/06\/thiago-martins-parabeniza-acao-da-pm-e-das-forcas-de-seguranca-em-operacao-que-libertou-mae-e-filha-feitas-refens-na-morada-do-porto\/","title":{"rendered":"THIAGO MARTINS PARABENIZA A\u00c7\u00c3O DA PM E DAS FOR\u00c7AS DE SEGURAN\u00c7A EM OPERA\u00c7\u00c3O QUE LIBERTOU M\u00c3E E FILHA FEITAS REF\u00c9NS NA MORADA DO PORTO"},"content":{"rendered":"<p><img loading=\"lazy\" decoding=\"async\" class=\"wp-image-193763 aligncenter\" src=\"http:\/\/www.politicosdosuldabahia.com.br\/v1\/wp-content\/uploads\/2025\/10\/WhatsApp-Image-2025-10-06-at-15.58.38.jpeg\" alt=\"\" width=\"455\" height=\"442\" srcset=\"https:\/\/www.politicosdosuldabahia.com.br\/v1\/wp-content\/uploads\/2025\/10\/WhatsApp-Image-2025-10-06-at-15.58.38.jpeg 1290w, https:\/\/www.politicosdosuldabahia.com.br\/v1\/wp-content\/uploads\/2025\/10\/WhatsApp-Image-2025-10-06-at-15.58.38-300x292.jpeg 300w, https:\/\/www.politicosdosuldabahia.com.br\/v1\/wp-content\/uploads\/2025\/10\/WhatsApp-Image-2025-10-06-at-15.58.38-1024x995.jpeg 1024w, https:\/\/www.politicosdosuldabahia.com.br\/v1\/wp-content\/uploads\/2025\/10\/WhatsApp-Image-2025-10-06-at-15.58.38-768x747.jpeg 768w\" sizes=\"(max-width: 455px) 100vw, 455px\" \/><\/p>\n<h3 style=\"text-align: justify\">O presidente da Maramata, Thiago Martins, parabenizou a Pol\u00edcia Militar da Bahia e as For\u00e7as de Seguran\u00e7a pela a\u00e7\u00e3o bem-sucedida que resultou na liberta\u00e7\u00e3o de m\u00e3e e filha mantidas ref\u00e9ns por um sequestrador na manh\u00e3 desta segunda-feira (6), no bairro Morada do Porto, em Ilh\u00e9us.<\/h3>\n<h3 style=\"text-align: justify\">Em nota, Thiago destacou a atua\u00e7\u00e3o r\u00e1pida, t\u00e9cnica e coordenada das equipes envolvidas.<\/h3>\n<h3 style=\"text-align: justify\">\u201cParabenizo a PM e todas as for\u00e7as de seguran\u00e7a que atuaram com profissionalismo e coragem nesta a\u00e7\u00e3o. A pronta resposta das autoridades demonstra o compromisso com a prote\u00e7\u00e3o da vida e com a manuten\u00e7\u00e3o da ordem p\u00fablica em nossa cidade\u201d, afirmou.<\/h3>\n<h3 style=\"text-align: justify\">De acordo com informa\u00e7\u00f5es preliminares, o homem manteve as duas v\u00edtimas sob amea\u00e7a dentro de uma resid\u00eancia, mobilizando v\u00e1rias guarni\u00e7\u00f5es da Pol\u00edcia Militar, que cercaram a \u00e1rea e iniciaram as negocia\u00e7\u00f5es. Ap\u00f3s intensa atua\u00e7\u00e3o, a m\u00e3e e a filha foram libertadas sem ferimentos, e o sequestrador foi detido.<\/h3>\n<h3 style=\"text-align: justify\">Thiago Martins tamb\u00e9m ressaltou a import\u00e2ncia do trabalho conjunto entre as institui\u00e7\u00f5es e a comunidade, destacando o papel da Secretaria de Seguran\u00e7a P\u00fablica do Munic\u00edpio de Ilh\u00e9us, que deu apoio e suporte \u00e0 opera\u00e7\u00e3o.<\/h3>\n<h3 style=\"text-align: justify\">\u201cA seguran\u00e7a p\u00fablica \u00e9 um dever do Estado, mas tamb\u00e9m uma responsabilidade compartilhada. Quando h\u00e1 uni\u00e3o e di\u00e1logo entre sociedade, prefeitura e for\u00e7as de seguran\u00e7a, os resultados aparecem. A participa\u00e7\u00e3o da Secretaria de Seguran\u00e7a P\u00fablica de Ilh\u00e9us foi importante para o sucesso da a\u00e7\u00e3o\u201d, completou.<\/h3>\n<h3 style=\"text-align: justify\">A opera\u00e7\u00e3o, que chamou a aten\u00e7\u00e3o dos moradores da regi\u00e3o, teve ampla repercuss\u00e3o nas redes sociais e foi elogiada pela popula\u00e7\u00e3o ilheense pela efici\u00eancia e controle da situa\u00e7\u00e3o.<\/h3>\n","protected":false},"excerpt":{"rendered":"<p>O presidente da Maramata, Thiago Martins, parabenizou a Pol\u00edcia Militar da Bahia e as For\u00e7as de Seguran\u00e7a pela a\u00e7\u00e3o bem-sucedida que resultou na liberta\u00e7\u00e3o de m\u00e3e e filha mantidas ref\u00e9ns por um sequestrador na manh\u00e3 desta segunda-feira (6), no bairro Morada do Porto, em Ilh\u00e9us. Em nota, Thiago destacou a atua\u00e7\u00e3o r\u00e1pida, t\u00e9cnica e coordenada [&hellip;]<\/p>\n","protected":false},"author":992,"featured_media":193763,"comment_status":"open","ping_status":"closed","sticky":false,"template":"","format":"standard","meta":{"footnotes":"","_links_to":"","_links_to_target":""},"categories":[3],"tags":[],"class_list":["post-193762","post","type-post","status-publish","format-standard","has-post-thumbnail","hentry","category-cidades"],"views":207,"_links":{"self":[{"href":"https:\/\/www.politicosdosuldabahia.com.br\/v1\/wp-json\/wp\/v2\/posts\/193762"}],"collection":[{"href":"https:\/\/www.politicosdosuldabahia.com.br\/v1\/wp-json\/wp\/v2\/posts"}],"about":[{"href":"https:\/\/www.politicosdosuldabahia.com.br\/v1\/wp-json\/wp\/v2\/types\/post"}],"author":[{"embeddable":true,"href":"https:\/\/www.politicosdosuldabahia.com.br\/v1\/wp-json\/wp\/v2\/users\/992"}],"replies":[{"embeddable":true,"href":"https:\/\/www.politicosdosuldabahia.com.br\/v1\/wp-json\/wp\/v2\/comments?post=193762"}],"version-history":[{"count":1,"href":"https:\/\/www.politicosdosuldabahia.com.br\/v1\/wp-json\/wp\/v2\/posts\/193762\/revisions"}],"predecessor-version":[{"id":193764,"href":"https:\/\/www.politicosdosuldabahia.com.br\/v1\/wp-json\/wp\/v2\/posts\/193762\/revisions\/193764"}],"wp:featuredmedia":[{"embeddable":true,"href":"https:\/\/www.politicosdosuldabahia.com.br\/v1\/wp-json\/wp\/v2\/media\/193763"}],"wp:attachment":[{"href":"https:\/\/www.politicosdosuldabahia.com.br\/v1\/wp-json\/wp\/v2\/media?parent=193762"}],"wp:term":[{"taxonomy":"category","embeddable":true,"href":"https:\/\/www.politicosdosuldabahia.com.br\/v1\/wp-json\/wp\/v2\/categories?post=193762"},{"taxonomy":"post_tag","embeddable":true,"href":"https:\/\/www.politicosdosuldabahia.com.br\/v1\/wp-json\/wp\/v2\/tags?post=193762"}],"curies":[{"name":"wp","href":"https:\/\/api.w.org\/{rel}","templated":true}]}}