
{"id":193759,"date":"2025-10-06T11:26:13","date_gmt":"2025-10-06T14:26:13","guid":{"rendered":"https:\/\/www.politicosdosuldabahia.com.br\/v1\/?p=193759"},"modified":"2025-10-06T11:26:13","modified_gmt":"2025-10-06T14:26:13","slug":"urucuca-familia-celebra-a-vida-de-jose-basilio-o-homem-mais-velho-do-mundo-em-serra-grande","status":"publish","type":"post","link":"https:\/\/www.politicosdosuldabahia.com.br\/v1\/2025\/10\/06\/urucuca-familia-celebra-a-vida-de-jose-basilio-o-homem-mais-velho-do-mundo-em-serra-grande\/","title":{"rendered":"URU\u00c7UCA: FAM\u00cdLIA CELEBRA A VIDA DE JOS\u00c9 BAS\u00cdLIO, O HOMEM MAIS VELHO DO MUNDO, EM SERRA GRANDE"},"content":{"rendered":"<p><img loading=\"lazy\" decoding=\"async\" class=\"alignnone size-full wp-image-193760 aligncenter\" src=\"http:\/\/www.politicosdosuldabahia.com.br\/v1\/wp-content\/uploads\/2025\/10\/WhatsApp-Image-2025-10-06-at-10.50.32.jpeg\" alt=\"\" width=\"455\" height=\"255\" srcset=\"https:\/\/www.politicosdosuldabahia.com.br\/v1\/wp-content\/uploads\/2025\/10\/WhatsApp-Image-2025-10-06-at-10.50.32.jpeg 455w, https:\/\/www.politicosdosuldabahia.com.br\/v1\/wp-content\/uploads\/2025\/10\/WhatsApp-Image-2025-10-06-at-10.50.32-300x168.jpeg 300w\" sizes=\"(max-width: 455px) 100vw, 455px\" \/><\/p>\n<h3 style=\"text-align: justify\">O sertanejo Jos\u00e9 Bas\u00edlio do Nascimento, nascido em 2 de janeiro de 1911, aos 114 anos de idade, \u00e9 considerado um dos homens mais velhos do mundo. Natural de Macei\u00f3 (AL), ele vive h\u00e1 d\u00e9cadas em Serra Grande, distrito de Uru\u00e7uca, no sul da Bahia, onde construiu sua hist\u00f3ria e criou ra\u00edzes.<\/h3>\n<h3 style=\"text-align: justify\">Neste domingo (5), a fam\u00edlia se reuniu em uma emocionante celebra\u00e7\u00e3o que marcou mais de um s\u00e9culo de vida, trabalho e f\u00e9. Casado h\u00e1 60 anos com dona Maria Ferreira \u2014 \u201ccasado no padre\u201d, como ele faz quest\u00e3o de frisar \u2014, Jos\u00e9 Bas\u00edlio \u00e9 pai de 12 filhos, al\u00e9m de dezenas de netos, bisnetos e tataranetos. Nem todos os familiares puderam comparecer \u00e0 comemora\u00e7\u00e3o, j\u00e1 que muitos vivem em outros estados, mas o encontro foi repleto de afeto, mem\u00f3rias e reconhecimento.<\/h3>\n<h3 style=\"text-align: justify\">Durante a homenagem, o filho Manoel Bas\u00edlio, de 55 anos, falou com orgulho sobre os h\u00e1bitos e o exemplo do pai: \u201cEle sempre conservou a sa\u00fade, nunca fumou, nunca bebeu. Quando mais novo, tomava umas pinhas, mas sempre manteve uma vida simples e saud\u00e1vel. Sempre morou na zona rural, comendo produtos naturais. \u00c9 o meu exemplo de vida. Desde crian\u00e7a, ele me incentivava a estudar, incentivava todos n\u00f3s. Estud\u00e1vamos aqui em Serra Grande, caminhando dois quil\u00f4metros para ir e dois para voltar. Pra mim, ele \u00e9 um exemplo de vida.\u201d<\/h3>\n<h3 style=\"text-align: justify\">O neto Emmanuel Bas\u00edlio, de 15 anos, filho de Manoel, tamb\u00e9m emocionou os presentes ao falar sobre o av\u00f4: \u201cMeu av\u00f4 \u00e9 uma pessoa muito importante, n\u00e3o s\u00f3 pra mim, mas pra toda a fam\u00edlia e para Serra Grande. Ele representa um dos \u00faltimos remanescentes da \u00e9poca dele, um homem trabalhador, de f\u00e9, que ajudou a construir esta localidade. Vejo nele um exemplo de esfor\u00e7o, obedi\u00eancia e liga\u00e7\u00e3o com Deus \u2014 valores que quero seguir.\u201d<\/h3>\n<h3 style=\"text-align: justify\">Seu Jos\u00e9 chegou ainda jovem a Serra Grande, lugar que ele chama de \u201cpara\u00edso\u201d, onde construiu sua vida com simplicidade, trabalho e devo\u00e7\u00e3o.<\/h3>\n<h3 style=\"text-align: justify\">A prefeita de Uru\u00e7uca, Magn\u00f3lia Barreto, tamb\u00e9m esteve presente e destacou o simbolismo do momento para toda a comunidade: \u201cSeu Jos\u00e9 \u00e9 um patrim\u00f4nio vivo da nossa hist\u00f3ria. Um homem que carrega no olhar a sabedoria do tempo e a for\u00e7a do trabalho. Celebrar seus 114 anos \u00e9 celebrar a pr\u00f3pria ess\u00eancia de Serra Grande, de gente simples, honesta e cheia de f\u00e9. \u00c9 uma honra para Uru\u00e7uca ter um cidad\u00e3o como ele.\u201d<\/h3>\n<h3 style=\"text-align: justify\">A Prefeitura de Uru\u00e7uca j\u00e1 deu in\u00edcio ao processo de registro junto ao Guinness World Records, reunindo documentos e certid\u00f5es para confirmar oficialmente a idade do sertanejo. Caso o reconhecimento seja confirmado, Jo\u00e3o Bas\u00edlio poder\u00e1 entrar para a hist\u00f3ria como o homem mais velho do Brasil \u2014 e possivelmente do mundo.<\/h3>\n<h3 style=\"text-align: justify\">Entre abra\u00e7os e sorrisos, o domingo foi um tributo \u00e0 vida, \u00e0 fam\u00edlia e \u00e0 for\u00e7a do tempo \u2014 personificados em Jo\u00e3o Bas\u00edlio, o sertanejo que transformou sua trajet\u00f3ria em um legado de amor e resist\u00eancia. Mais do que uma festa familiar, o encontro foi um tributo \u00e0 hist\u00f3ria viva de um homem que atravessou s\u00e9culos e segue inspirando gera\u00e7\u00f5es.<\/h3>\n","protected":false},"excerpt":{"rendered":"<p>O sertanejo Jos\u00e9 Bas\u00edlio do Nascimento, nascido em 2 de janeiro de 1911, aos 114 anos de idade, \u00e9 considerado um dos homens mais velhos do mundo. Natural de Macei\u00f3 (AL), ele vive h\u00e1 d\u00e9cadas em Serra Grande, distrito de Uru\u00e7uca, no sul da Bahia, onde construiu sua hist\u00f3ria e criou ra\u00edzes. Neste domingo (5), [&hellip;]<\/p>\n","protected":false},"author":992,"featured_media":193760,"comment_status":"open","ping_status":"closed","sticky":false,"template":"","format":"standard","meta":{"footnotes":"","_links_to":"","_links_to_target":""},"categories":[3],"tags":[],"class_list":["post-193759","post","type-post","status-publish","format-standard","has-post-thumbnail","hentry","category-cidades"],"views":174,"_links":{"self":[{"href":"https:\/\/www.politicosdosuldabahia.com.br\/v1\/wp-json\/wp\/v2\/posts\/193759"}],"collection":[{"href":"https:\/\/www.politicosdosuldabahia.com.br\/v1\/wp-json\/wp\/v2\/posts"}],"about":[{"href":"https:\/\/www.politicosdosuldabahia.com.br\/v1\/wp-json\/wp\/v2\/types\/post"}],"author":[{"embeddable":true,"href":"https:\/\/www.politicosdosuldabahia.com.br\/v1\/wp-json\/wp\/v2\/users\/992"}],"replies":[{"embeddable":true,"href":"https:\/\/www.politicosdosuldabahia.com.br\/v1\/wp-json\/wp\/v2\/comments?post=193759"}],"version-history":[{"count":1,"href":"https:\/\/www.politicosdosuldabahia.com.br\/v1\/wp-json\/wp\/v2\/posts\/193759\/revisions"}],"predecessor-version":[{"id":193761,"href":"https:\/\/www.politicosdosuldabahia.com.br\/v1\/wp-json\/wp\/v2\/posts\/193759\/revisions\/193761"}],"wp:featuredmedia":[{"embeddable":true,"href":"https:\/\/www.politicosdosuldabahia.com.br\/v1\/wp-json\/wp\/v2\/media\/193760"}],"wp:attachment":[{"href":"https:\/\/www.politicosdosuldabahia.com.br\/v1\/wp-json\/wp\/v2\/media?parent=193759"}],"wp:term":[{"taxonomy":"category","embeddable":true,"href":"https:\/\/www.politicosdosuldabahia.com.br\/v1\/wp-json\/wp\/v2\/categories?post=193759"},{"taxonomy":"post_tag","embeddable":true,"href":"https:\/\/www.politicosdosuldabahia.com.br\/v1\/wp-json\/wp\/v2\/tags?post=193759"}],"curies":[{"name":"wp","href":"https:\/\/api.w.org\/{rel}","templated":true}]}}