
{"id":193756,"date":"2025-10-06T09:44:16","date_gmt":"2025-10-06T12:44:16","guid":{"rendered":"https:\/\/www.politicosdosuldabahia.com.br\/v1\/?p=193756"},"modified":"2025-10-06T09:44:16","modified_gmt":"2025-10-06T12:44:16","slug":"jussari-prefeito-orleans-mascarenhas-anuncia-implementacao-do-incentivo-financeiro-anual-ifa-para-agentes-de-saude-e-endemias","status":"publish","type":"post","link":"https:\/\/www.politicosdosuldabahia.com.br\/v1\/2025\/10\/06\/jussari-prefeito-orleans-mascarenhas-anuncia-implementacao-do-incentivo-financeiro-anual-ifa-para-agentes-de-saude-e-endemias\/","title":{"rendered":"JUSSARI: PREFEITO ORLEANS MASCARENHAS ANUNCIA IMPLEMENTA\u00c7\u00c3O DO INCENTIVO FINANCEIRO ANUAL (IFA) PARA AGENTES DE SA\u00daDE E ENDEMIAS"},"content":{"rendered":"<p><img loading=\"lazy\" decoding=\"async\" class=\"size-full wp-image-193757 aligncenter\" src=\"http:\/\/www.politicosdosuldabahia.com.br\/v1\/wp-content\/uploads\/2025\/10\/WhatsApp-Image-2025-10-06-at-09.04.57.jpeg\" alt=\"\" width=\"455\" height=\"303\" srcset=\"https:\/\/www.politicosdosuldabahia.com.br\/v1\/wp-content\/uploads\/2025\/10\/WhatsApp-Image-2025-10-06-at-09.04.57.jpeg 455w, https:\/\/www.politicosdosuldabahia.com.br\/v1\/wp-content\/uploads\/2025\/10\/WhatsApp-Image-2025-10-06-at-09.04.57-300x200.jpeg 300w\" sizes=\"(max-width: 455px) 100vw, 455px\" \/><\/p>\n<h3 style=\"text-align: justify\">Em uma decis\u00e3o in\u00e9dita, o prefeito Orleans Mascarenhas anunciou a implementa\u00e7\u00e3o do Incentivo Financeiro Anual (IFA) para os Agentes Comunit\u00e1rios de Sa\u00fade (ACS) e Agentes de Combate \u00e0s Endemias (ACE) de Jussari. O an\u00fancio foi feito na manh\u00e3 da \u00faltima sexta-feira (03), durante um caf\u00e9 da manh\u00e3 especial promovido pela Prefeitura em homenagem a esses profissionais, que celebram o Dia do Agente Comunit\u00e1rio de Sa\u00fade neste s\u00e1bado, 04 de outubro.<\/h3>\n<h3 style=\"text-align: justify\">O encontro foi marcado por um clima de alegria, gratid\u00e3o e reconhecimento. O prefeito destacou a import\u00e2ncia desses servidores que, diariamente, visitam as resid\u00eancias dos jussarienses, levando cuidado, orienta\u00e7\u00e3o e aten\u00e7\u00e3o \u00e0 sa\u00fade das fam\u00edlias. \u201cOs Agentes Comunit\u00e1rios de Sa\u00fade e de Endemias s\u00e3o \u00e0 base do nosso sistema de aten\u00e7\u00e3o b\u00e1sica. Eles est\u00e3o nas ruas, nas casas e nas comunidades, representando o compromisso do poder p\u00fablico com o bem-estar das pessoas. Nesse primeiro momento retomaremos o pagamento do d\u00e9cimo terceiro dos agentes e o residual ser\u00e1 rateado, mas iremos\u00a0 nos\u00a0 esfor\u00e7ar para que em breve todo valor seja compartilhado entre os agentes.\u00a0\u00a0 A institui\u00e7\u00e3o do Incentivo Financeiro Anual \u00e9 uma forma de reconhecer esse trabalho incans\u00e1vel e refor\u00e7ar que a valoriza\u00e7\u00e3o desses profissionais\u00a0 s\u00e3o prioridade da nossa gest\u00e3o\u201d, afirmou o prefeito Orleans Mascarenhas.<\/h3>\n<h3 style=\"text-align: justify\">O IFA \u00e9 uma iniciativa que valoriza o empenho e a dedica\u00e7\u00e3o dos ACS e ACE, reconhecendo o papel essencial que desempenham na preven\u00e7\u00e3o de doen\u00e7as e na promo\u00e7\u00e3o da sa\u00fade p\u00fablica. O incentivo representa n\u00e3o apenas um benef\u00edcio financeiro, mas tamb\u00e9m um gesto de reconhecimento e respeito da gest\u00e3o municipal a quem est\u00e1 na linha de frente do cuidado com a popula\u00e7\u00e3o. Com essa medida, a Prefeitura de Jussari reafirma seu compromisso com a valoriza\u00e7\u00e3o dos servidores e o fortalecimento das pol\u00edticas p\u00fablicas de sa\u00fade, consolidando mais um importante avan\u00e7o na gest\u00e3o do prefeito Orleans Mascarenhas.<\/h3>\n","protected":false},"excerpt":{"rendered":"<p>Em uma decis\u00e3o in\u00e9dita, o prefeito Orleans Mascarenhas anunciou a implementa\u00e7\u00e3o do Incentivo Financeiro Anual (IFA) para os Agentes Comunit\u00e1rios de Sa\u00fade (ACS) e Agentes de Combate \u00e0s Endemias (ACE) de Jussari. O an\u00fancio foi feito na manh\u00e3 da \u00faltima sexta-feira (03), durante um caf\u00e9 da manh\u00e3 especial promovido pela Prefeitura em homenagem a esses [&hellip;]<\/p>\n","protected":false},"author":992,"featured_media":193757,"comment_status":"open","ping_status":"closed","sticky":false,"template":"","format":"standard","meta":{"footnotes":"","_links_to":"","_links_to_target":""},"categories":[3],"tags":[],"class_list":["post-193756","post","type-post","status-publish","format-standard","has-post-thumbnail","hentry","category-cidades"],"views":178,"_links":{"self":[{"href":"https:\/\/www.politicosdosuldabahia.com.br\/v1\/wp-json\/wp\/v2\/posts\/193756"}],"collection":[{"href":"https:\/\/www.politicosdosuldabahia.com.br\/v1\/wp-json\/wp\/v2\/posts"}],"about":[{"href":"https:\/\/www.politicosdosuldabahia.com.br\/v1\/wp-json\/wp\/v2\/types\/post"}],"author":[{"embeddable":true,"href":"https:\/\/www.politicosdosuldabahia.com.br\/v1\/wp-json\/wp\/v2\/users\/992"}],"replies":[{"embeddable":true,"href":"https:\/\/www.politicosdosuldabahia.com.br\/v1\/wp-json\/wp\/v2\/comments?post=193756"}],"version-history":[{"count":1,"href":"https:\/\/www.politicosdosuldabahia.com.br\/v1\/wp-json\/wp\/v2\/posts\/193756\/revisions"}],"predecessor-version":[{"id":193758,"href":"https:\/\/www.politicosdosuldabahia.com.br\/v1\/wp-json\/wp\/v2\/posts\/193756\/revisions\/193758"}],"wp:featuredmedia":[{"embeddable":true,"href":"https:\/\/www.politicosdosuldabahia.com.br\/v1\/wp-json\/wp\/v2\/media\/193757"}],"wp:attachment":[{"href":"https:\/\/www.politicosdosuldabahia.com.br\/v1\/wp-json\/wp\/v2\/media?parent=193756"}],"wp:term":[{"taxonomy":"category","embeddable":true,"href":"https:\/\/www.politicosdosuldabahia.com.br\/v1\/wp-json\/wp\/v2\/categories?post=193756"},{"taxonomy":"post_tag","embeddable":true,"href":"https:\/\/www.politicosdosuldabahia.com.br\/v1\/wp-json\/wp\/v2\/tags?post=193756"}],"curies":[{"name":"wp","href":"https:\/\/api.w.org\/{rel}","templated":true}]}}