
{"id":193751,"date":"2025-10-06T09:37:00","date_gmt":"2025-10-06T12:37:00","guid":{"rendered":"https:\/\/www.politicosdosuldabahia.com.br\/v1\/?p=193751"},"modified":"2025-10-06T09:37:00","modified_gmt":"2025-10-06T12:37:00","slug":"ubaitaba-gracinha-viana-rompe-barreiras-e-leva-assistencia-da-prefeitura-a-pedra-miuda","status":"publish","type":"post","link":"https:\/\/www.politicosdosuldabahia.com.br\/v1\/2025\/10\/06\/ubaitaba-gracinha-viana-rompe-barreiras-e-leva-assistencia-da-prefeitura-a-pedra-miuda\/","title":{"rendered":"UBAITABA: GRACINHA VIANA ROMPE BARREIRAS E LEVA ASSIST\u00caNCIA DA PREFEITURA \u00c0 PEDRA MI\u00daDA"},"content":{"rendered":"<p><img loading=\"lazy\" decoding=\"async\" class=\"size-full wp-image-193752 aligncenter\" src=\"http:\/\/www.politicosdosuldabahia.com.br\/v1\/wp-content\/uploads\/2025\/10\/WhatsApp-Image-2025-10-06-at-07.37.24.jpeg\" alt=\"\" width=\"455\" height=\"341\" srcset=\"https:\/\/www.politicosdosuldabahia.com.br\/v1\/wp-content\/uploads\/2025\/10\/WhatsApp-Image-2025-10-06-at-07.37.24.jpeg 455w, https:\/\/www.politicosdosuldabahia.com.br\/v1\/wp-content\/uploads\/2025\/10\/WhatsApp-Image-2025-10-06-at-07.37.24-300x225.jpeg 300w, https:\/\/www.politicosdosuldabahia.com.br\/v1\/wp-content\/uploads\/2025\/10\/WhatsApp-Image-2025-10-06-at-07.37.24-400x300.jpeg 400w\" sizes=\"(max-width: 455px) 100vw, 455px\" \/><\/p>\n<h3 style=\"text-align: justify\">A prefeita Gracinha Viana segue fazendo hist\u00f3ria \u00e0 frente da Prefeitura de Ubaitaba. Desta vez, a gestora realizou uma visita in\u00e9dita \u00e0 comunidade da Pedra Mi\u00fada, na zona rural do munic\u00edpio. Uma regi\u00e3o que, por muitos anos, foi esquecida pelo poder p\u00fablico local e chegou a ser assistida pelo munic\u00edpio vizinho de Gongogi, diante da aus\u00eancia de gest\u00f5es anteriores.<\/h3>\n<h3 style=\"text-align: justify\">A presen\u00e7a da prefeita marcou um novo tempo para os moradores, que h\u00e1 d\u00e9cadas esperavam aten\u00e7\u00e3o e investimento. Um dos primeiros resultados concretos dessa nova postura foi a manuten\u00e7\u00e3o da estrada que d\u00e1 acesso \u00e0 localidade, executada recentemente pela Prefeitura de Ubaitaba. A obra garantiu melhor mobilidade, seguran\u00e7a e viabilidade para o escoamento da produ\u00e7\u00e3o rural, al\u00e9m de facilitar o deslocamento de fam\u00edlias que dependem da via diariamente.<\/h3>\n<h3 style=\"text-align: justify\">\u201cDurante muitos anos, a Pedra Mi\u00fada viveu esquecida, sem nenhum olhar do poder p\u00fablico. \u00c9 inadmiss\u00edvel que parte do nosso povo tenha se sentido pertencente a outro munic\u00edpio por falta de presen\u00e7a e cuidado. Estamos aqui para mudar essa realidade, levando a\u00e7\u00f5es e dignidade a cada canto de Ubaitaba\u201d, afirmou a prefeita Gracinha Viana.<\/h3>\n<h3 style=\"text-align: justify\">A visita foi marcada por emo\u00e7\u00e3o e gratid\u00e3o. O agricultor Ant\u00f4nio, morador da comunidade e presidente da associa\u00e7\u00e3o, expressou o sentimento de al\u00edvio e esperan\u00e7a compartilhado por muitos: \u201cA gente nunca viu prefeito nenhum aparecer por aqui. Quando chovia, a estrada virava lama e ningu\u00e9m conseguia sair. Agora, com essa melhoria, tudo mudou. A prefeita Gracinha olhou pra gente, e isso a comunidade nunca vai esquecer\u201d, declarou o morador.<\/h3>\n<h3 style=\"text-align: justify\">Al\u00e9m de ouvir as demandas dos moradores, a prefeita reafirmou seu compromisso com o desenvolvimento rural e anunciou que novas a\u00e7\u00f5es ser\u00e3o levadas \u00e0 regi\u00e3o, refor\u00e7ando o car\u00e1ter inclusivo e participativo da sua gest\u00e3o.<\/h3>\n<h3 style=\"text-align: justify\">Com presen\u00e7a, di\u00e1logo e resultados concretos, Gracinha Viana mostra que governar \u00e9 cuidar de todos, e que o tempo de esquecimento da Pedra Mi\u00fada ficou definitivamente para tr\u00e1s.<\/h3>\n","protected":false},"excerpt":{"rendered":"<p>A prefeita Gracinha Viana segue fazendo hist\u00f3ria \u00e0 frente da Prefeitura de Ubaitaba. Desta vez, a gestora realizou uma visita in\u00e9dita \u00e0 comunidade da Pedra Mi\u00fada, na zona rural do munic\u00edpio. Uma regi\u00e3o que, por muitos anos, foi esquecida pelo poder p\u00fablico local e chegou a ser assistida pelo munic\u00edpio vizinho de Gongogi, diante da [&hellip;]<\/p>\n","protected":false},"author":992,"featured_media":193752,"comment_status":"open","ping_status":"closed","sticky":false,"template":"","format":"standard","meta":{"footnotes":"","_links_to":"","_links_to_target":""},"categories":[3],"tags":[],"class_list":["post-193751","post","type-post","status-publish","format-standard","has-post-thumbnail","hentry","category-cidades"],"views":232,"_links":{"self":[{"href":"https:\/\/www.politicosdosuldabahia.com.br\/v1\/wp-json\/wp\/v2\/posts\/193751"}],"collection":[{"href":"https:\/\/www.politicosdosuldabahia.com.br\/v1\/wp-json\/wp\/v2\/posts"}],"about":[{"href":"https:\/\/www.politicosdosuldabahia.com.br\/v1\/wp-json\/wp\/v2\/types\/post"}],"author":[{"embeddable":true,"href":"https:\/\/www.politicosdosuldabahia.com.br\/v1\/wp-json\/wp\/v2\/users\/992"}],"replies":[{"embeddable":true,"href":"https:\/\/www.politicosdosuldabahia.com.br\/v1\/wp-json\/wp\/v2\/comments?post=193751"}],"version-history":[{"count":1,"href":"https:\/\/www.politicosdosuldabahia.com.br\/v1\/wp-json\/wp\/v2\/posts\/193751\/revisions"}],"predecessor-version":[{"id":193753,"href":"https:\/\/www.politicosdosuldabahia.com.br\/v1\/wp-json\/wp\/v2\/posts\/193751\/revisions\/193753"}],"wp:featuredmedia":[{"embeddable":true,"href":"https:\/\/www.politicosdosuldabahia.com.br\/v1\/wp-json\/wp\/v2\/media\/193752"}],"wp:attachment":[{"href":"https:\/\/www.politicosdosuldabahia.com.br\/v1\/wp-json\/wp\/v2\/media?parent=193751"}],"wp:term":[{"taxonomy":"category","embeddable":true,"href":"https:\/\/www.politicosdosuldabahia.com.br\/v1\/wp-json\/wp\/v2\/categories?post=193751"},{"taxonomy":"post_tag","embeddable":true,"href":"https:\/\/www.politicosdosuldabahia.com.br\/v1\/wp-json\/wp\/v2\/tags?post=193751"}],"curies":[{"name":"wp","href":"https:\/\/api.w.org\/{rel}","templated":true}]}}