
{"id":193747,"date":"2025-10-04T18:31:26","date_gmt":"2025-10-04T21:31:26","guid":{"rendered":"https:\/\/www.politicosdosuldabahia.com.br\/v1\/?p=193747"},"modified":"2025-10-04T18:31:26","modified_gmt":"2025-10-04T21:31:26","slug":"buerarema-prefeitura-premia-os-vencedores-do-concurso-da-melhor-torra-de-farinha","status":"publish","type":"post","link":"https:\/\/www.politicosdosuldabahia.com.br\/v1\/2025\/10\/04\/buerarema-prefeitura-premia-os-vencedores-do-concurso-da-melhor-torra-de-farinha\/","title":{"rendered":"BUERAREMA: PREFEITURA PREMIA OS VENCEDORES DO CONCURSO DA MELHOR TORRA DE FARINHA"},"content":{"rendered":"<h3 style=\"text-align: justify\"><\/h3>\n<h3 style=\"text-align: justify\"><img loading=\"lazy\" decoding=\"async\" class=\"aligncenter wp-image-193749 size-full\" src=\"http:\/\/www.politicosdosuldabahia.com.br\/v1\/wp-content\/uploads\/2025\/10\/WhatsApp-Image-2025-10-04-at-18.30.10.jpeg\" alt=\"\" width=\"455\" height=\"341\" srcset=\"https:\/\/www.politicosdosuldabahia.com.br\/v1\/wp-content\/uploads\/2025\/10\/WhatsApp-Image-2025-10-04-at-18.30.10.jpeg 455w, https:\/\/www.politicosdosuldabahia.com.br\/v1\/wp-content\/uploads\/2025\/10\/WhatsApp-Image-2025-10-04-at-18.30.10-300x225.jpeg 300w, https:\/\/www.politicosdosuldabahia.com.br\/v1\/wp-content\/uploads\/2025\/10\/WhatsApp-Image-2025-10-04-at-18.30.10-400x300.jpeg 400w\" sizes=\"(max-width: 455px) 100vw, 455px\" \/><\/h3>\n<h3 style=\"text-align: justify\">A manh\u00e3 desta sexta-feira (03) foi marcada pela solenidade de premia\u00e7\u00e3o da 3\u00aa edi\u00e7\u00e3o do Concurso da Melhor Torra de Farinha, realizada na sede da prefeitura. O evento reuniu os vencedores, familiares, representantes da agricultura local e autoridades municipais, em um momento de celebra\u00e7\u00e3o e reconhecimento \u00e0 tradi\u00e7\u00e3o que \u00e9 s\u00edmbolo da identidade bueraremense.<\/h3>\n<h3 style=\"text-align: justify\">A competi\u00e7\u00e3o aconteceu no dia 17 de setembro, durante as comemora\u00e7\u00f5es dos 66 anos de emancipa\u00e7\u00e3o pol\u00edtica de Buerarema, e j\u00e1 se consolidou como uma tradi\u00e7\u00e3o aguardada pelos produtores e moradores da cidade.<\/h3>\n<h3 style=\"text-align: justify\">Na cerim\u00f4nia, foram entregues trof\u00e9us e pr\u00eamios em dinheiro aos tr\u00eas primeiros colocados nas categorias forno manual e forno mecanizado:<\/h3>\n<h3 style=\"text-align: justify\">\u00a01\u00ba lugar \u2013 R$ 2.000<br \/>\n2\u00ba lugar \u2013 R$ 1.000<br \/>\n3\u00ba lugar \u2013 R$ 500<\/h3>\n<h3 style=\"text-align: justify\"><strong>Vencedores desta edi\u00e7\u00e3o:<\/strong><\/h3>\n<h3 style=\"text-align: justify\"><strong>Forno Mecanizado:<\/strong><br \/>\n1\u00ba Sandra Ara\u00fajo Gomes dos Santos<br \/>\n2\u00ba Geovane Queiroz Silva<br \/>\n3\u00ba Ivan Batista Costa<\/h3>\n<h3 style=\"text-align: justify\"><strong>Forno Manual:<\/strong><br \/>\n1\u00ba Sandra Santos da Silva<br \/>\n2\u00ba Jos\u00e9 Odair Soares (Gago) e Erick Soares<br \/>\n3\u00ba Josevaldo de Jesus Santos (Dinho)<\/h3>\n<h3 style=\"text-align: justify\">Durante a solenidade, o prefeito Gel da Farm\u00e1cia destacou a import\u00e2ncia do concurso como instrumento de valoriza\u00e7\u00e3o da cultura e do trabalho do povo bueraremense:<\/h3>\n<h3 style=\"text-align: justify\">\u201cA farinha \u00e9 parte da nossa hist\u00f3ria, da nossa economia e da nossa cultura. Esse concurso \u00e9 uma forma de reconhecer o esfor\u00e7o, o talento e a dedica\u00e7\u00e3o de tantas fam\u00edlias que vivem desse trabalho. Cada forno aceso representa o amor e o orgulho de ser bueraremense. Continuaremos incentivando e valorizando essa tradi\u00e7\u00e3o que faz parte da nossa identidade\u201d, afirmou o prefeito.<\/h3>\n<h3 style=\"text-align: justify\">O concurso vai al\u00e9m da disputa, \u00e9 uma homenagem \u00e0 for\u00e7a do homem e da mulher do campo, que com t\u00e9cnica, dedica\u00e7\u00e3o e muito suor, transformam a mandioca em um dos alimentos mais emblem\u00e1ticos da culin\u00e1ria brasileira \u2014 a farinha.<\/h3>\n<h3 style=\"text-align: justify\"><\/h3>\n","protected":false},"excerpt":{"rendered":"<p>A manh\u00e3 desta sexta-feira (03) foi marcada pela solenidade de premia\u00e7\u00e3o da 3\u00aa edi\u00e7\u00e3o do Concurso da Melhor Torra de Farinha, realizada na sede da prefeitura. O evento reuniu os vencedores, familiares, representantes da agricultura local e autoridades municipais, em um momento de celebra\u00e7\u00e3o e reconhecimento \u00e0 tradi\u00e7\u00e3o que \u00e9 s\u00edmbolo da identidade bueraremense. A [&hellip;]<\/p>\n","protected":false},"author":992,"featured_media":193749,"comment_status":"open","ping_status":"closed","sticky":false,"template":"","format":"standard","meta":{"footnotes":"","_links_to":"","_links_to_target":""},"categories":[3],"tags":[],"class_list":["post-193747","post","type-post","status-publish","format-standard","has-post-thumbnail","hentry","category-cidades"],"views":239,"_links":{"self":[{"href":"https:\/\/www.politicosdosuldabahia.com.br\/v1\/wp-json\/wp\/v2\/posts\/193747"}],"collection":[{"href":"https:\/\/www.politicosdosuldabahia.com.br\/v1\/wp-json\/wp\/v2\/posts"}],"about":[{"href":"https:\/\/www.politicosdosuldabahia.com.br\/v1\/wp-json\/wp\/v2\/types\/post"}],"author":[{"embeddable":true,"href":"https:\/\/www.politicosdosuldabahia.com.br\/v1\/wp-json\/wp\/v2\/users\/992"}],"replies":[{"embeddable":true,"href":"https:\/\/www.politicosdosuldabahia.com.br\/v1\/wp-json\/wp\/v2\/comments?post=193747"}],"version-history":[{"count":1,"href":"https:\/\/www.politicosdosuldabahia.com.br\/v1\/wp-json\/wp\/v2\/posts\/193747\/revisions"}],"predecessor-version":[{"id":193750,"href":"https:\/\/www.politicosdosuldabahia.com.br\/v1\/wp-json\/wp\/v2\/posts\/193747\/revisions\/193750"}],"wp:featuredmedia":[{"embeddable":true,"href":"https:\/\/www.politicosdosuldabahia.com.br\/v1\/wp-json\/wp\/v2\/media\/193749"}],"wp:attachment":[{"href":"https:\/\/www.politicosdosuldabahia.com.br\/v1\/wp-json\/wp\/v2\/media?parent=193747"}],"wp:term":[{"taxonomy":"category","embeddable":true,"href":"https:\/\/www.politicosdosuldabahia.com.br\/v1\/wp-json\/wp\/v2\/categories?post=193747"},{"taxonomy":"post_tag","embeddable":true,"href":"https:\/\/www.politicosdosuldabahia.com.br\/v1\/wp-json\/wp\/v2\/tags?post=193747"}],"curies":[{"name":"wp","href":"https:\/\/api.w.org\/{rel}","templated":true}]}}