
{"id":193687,"date":"2025-10-02T10:16:39","date_gmt":"2025-10-02T13:16:39","guid":{"rendered":"https:\/\/www.politicosdosuldabahia.com.br\/v1\/?p=193687"},"modified":"2025-10-02T10:16:39","modified_gmt":"2025-10-02T13:16:39","slug":"porto-seguro-amplia-malha-internacional-com-7-voos-da-argentina","status":"publish","type":"post","link":"https:\/\/www.politicosdosuldabahia.com.br\/v1\/2025\/10\/02\/porto-seguro-amplia-malha-internacional-com-7-voos-da-argentina\/","title":{"rendered":"PORTO SEGURO AMPLIA MALHA INTERNACIONAL COM 7 VOOS DA ARGENTINA"},"content":{"rendered":"<p><img loading=\"lazy\" decoding=\"async\" class=\"aligncenter wp-image-193688\" src=\"http:\/\/www.politicosdosuldabahia.com.br\/v1\/wp-content\/uploads\/2025\/10\/aerolineas-min.jpg\" alt=\"\" width=\"455\" height=\"286\" srcset=\"https:\/\/www.politicosdosuldabahia.com.br\/v1\/wp-content\/uploads\/2025\/10\/aerolineas-min.jpg 697w, https:\/\/www.politicosdosuldabahia.com.br\/v1\/wp-content\/uploads\/2025\/10\/aerolineas-min-300x189.jpg 300w\" sizes=\"(max-width: 455px) 100vw, 455px\" \/><\/p>\n<h3 style=\"text-align: justify\">Porto Seguro chegou \u00e0 marca de sete voos conectando a Argentina ao destino, ap\u00f3s reuni\u00e3o realizada nesta ter\u00e7a-feira (30), durante a FIT Am\u00e9rica Latina 2025, em Buenos Aires, quando o secret\u00e1rio de Turismo, Guto Jones, acompanhado do presidente da ABIH \u2013 Extremo Sul, Vin\u00edcius Oliveira, confirmou junto ao gerente comercial da Aerol\u00edneas Argentinas, Matias Ariel, a amplia\u00e7\u00e3o da malha a\u00e9rea.<\/h3>\n<h3 style=\"text-align: justify\">A novidade \u00e9 a inclus\u00e3o de mais um voo direto de Buenos Aires para Porto Seguro, operado pela Aerol\u00edneas Argentinas, com frequ\u00eancias aos s\u00e1bados e domingos. Com essa conquista, a companhia passa a oferecer tr\u00eas frequ\u00eancias semanais, somando-se a outras opera\u00e7\u00f5es j\u00e1 em vigor e elevando para sete o n\u00famero total de voos da Argentina para o munic\u00edpio durante a temporada. \u201cO refor\u00e7o reconhece Porto Seguro como um dos destinos brasileiros mais acess\u00edveis para turistas argentinos, o que justifica aumentarmos o n\u00famero de voos\u201d, frisa o gerente comercial, Matias Ariel.<\/h3>\n<h3 style=\"text-align: justify\">O aumento da conectividade a\u00e9rea representa maior fluxo de visitantes, fortalecimento do trade tur\u00edstico e gera\u00e7\u00e3o de empregos diretos e indiretos. Para o secret\u00e1rio de Turismo, este resultado, que tamb\u00e9m inclui fretamentos de outras operadoras, como os da Multi Travel, mostra o potencial de Porto Seguro como destino estrat\u00e9gico. \u201cA conquista de mais voos \u00e9 um avan\u00e7o significativo. Estar conectado ao mercado do Mercosul \u00e9 fundamental para manter Porto Seguro em destaque e garantir que nossa cidade continue sendo a porta de entrada preferida dos argentinos no Brasil\u201d, destacou Guto Jones.<\/h3>\n","protected":false},"excerpt":{"rendered":"<p>Porto Seguro chegou \u00e0 marca de sete voos conectando a Argentina ao destino, ap\u00f3s reuni\u00e3o realizada nesta ter\u00e7a-feira (30), durante a FIT Am\u00e9rica Latina 2025, em Buenos Aires, quando o secret\u00e1rio de Turismo, Guto Jones, acompanhado do presidente da ABIH \u2013 Extremo Sul, Vin\u00edcius Oliveira, confirmou junto ao gerente comercial da Aerol\u00edneas Argentinas, Matias Ariel, [&hellip;]<\/p>\n","protected":false},"author":992,"featured_media":193688,"comment_status":"open","ping_status":"closed","sticky":false,"template":"","format":"standard","meta":{"footnotes":"","_links_to":"","_links_to_target":""},"categories":[3],"tags":[],"class_list":["post-193687","post","type-post","status-publish","format-standard","has-post-thumbnail","hentry","category-cidades"],"views":246,"_links":{"self":[{"href":"https:\/\/www.politicosdosuldabahia.com.br\/v1\/wp-json\/wp\/v2\/posts\/193687"}],"collection":[{"href":"https:\/\/www.politicosdosuldabahia.com.br\/v1\/wp-json\/wp\/v2\/posts"}],"about":[{"href":"https:\/\/www.politicosdosuldabahia.com.br\/v1\/wp-json\/wp\/v2\/types\/post"}],"author":[{"embeddable":true,"href":"https:\/\/www.politicosdosuldabahia.com.br\/v1\/wp-json\/wp\/v2\/users\/992"}],"replies":[{"embeddable":true,"href":"https:\/\/www.politicosdosuldabahia.com.br\/v1\/wp-json\/wp\/v2\/comments?post=193687"}],"version-history":[{"count":1,"href":"https:\/\/www.politicosdosuldabahia.com.br\/v1\/wp-json\/wp\/v2\/posts\/193687\/revisions"}],"predecessor-version":[{"id":193689,"href":"https:\/\/www.politicosdosuldabahia.com.br\/v1\/wp-json\/wp\/v2\/posts\/193687\/revisions\/193689"}],"wp:featuredmedia":[{"embeddable":true,"href":"https:\/\/www.politicosdosuldabahia.com.br\/v1\/wp-json\/wp\/v2\/media\/193688"}],"wp:attachment":[{"href":"https:\/\/www.politicosdosuldabahia.com.br\/v1\/wp-json\/wp\/v2\/media?parent=193687"}],"wp:term":[{"taxonomy":"category","embeddable":true,"href":"https:\/\/www.politicosdosuldabahia.com.br\/v1\/wp-json\/wp\/v2\/categories?post=193687"},{"taxonomy":"post_tag","embeddable":true,"href":"https:\/\/www.politicosdosuldabahia.com.br\/v1\/wp-json\/wp\/v2\/tags?post=193687"}],"curies":[{"name":"wp","href":"https:\/\/api.w.org\/{rel}","templated":true}]}}