
{"id":193683,"date":"2025-10-02T10:12:31","date_gmt":"2025-10-02T13:12:31","guid":{"rendered":"https:\/\/www.politicosdosuldabahia.com.br\/v1\/?p=193683"},"modified":"2025-10-02T10:12:31","modified_gmt":"2025-10-02T13:12:31","slug":"ilheus-prefeito-valderico-junior-anuncia-o-virada-ilheus-2026-com-tres-dias-de-shows-na-avenida-soares-lopes","status":"publish","type":"post","link":"https:\/\/www.politicosdosuldabahia.com.br\/v1\/2025\/10\/02\/ilheus-prefeito-valderico-junior-anuncia-o-virada-ilheus-2026-com-tres-dias-de-shows-na-avenida-soares-lopes\/","title":{"rendered":"ILH\u00c9US: PREFEITO VALDERICO JUNIOR ANUNCIA O VIRADA ILH\u00c9US 2026 COM TR\u00caS DIAS DE SHOWS NA AVENIDA SOARES LOPES"},"content":{"rendered":"<p><img loading=\"lazy\" decoding=\"async\" class=\"alignnone size-full wp-image-193684 aligncenter\" src=\"http:\/\/www.politicosdosuldabahia.com.br\/v1\/wp-content\/uploads\/2025\/10\/WhatsApp-Image-2025-10-02-at-08.28.15.jpeg\" alt=\"\" width=\"455\" height=\"303\" srcset=\"https:\/\/www.politicosdosuldabahia.com.br\/v1\/wp-content\/uploads\/2025\/10\/WhatsApp-Image-2025-10-02-at-08.28.15.jpeg 455w, https:\/\/www.politicosdosuldabahia.com.br\/v1\/wp-content\/uploads\/2025\/10\/WhatsApp-Image-2025-10-02-at-08.28.15-300x200.jpeg 300w\" sizes=\"(max-width: 455px) 100vw, 455px\" \/><\/p>\n<h4 style=\"text-align: center\"><strong><em>Evento retoma celebra\u00e7\u00e3o do r\u00e9veillon na cidade e promete impulsionar turismo e economia<\/em><\/strong><\/h4>\n<h3 style=\"text-align: justify\">A Prefeitura de Ilh\u00e9us lan\u00e7ou oficialmente, nesta quarta-feira (1\u00ba), o Virada Ilh\u00e9us 2026, o novo r\u00e9veillon da cidade. A apresenta\u00e7\u00e3o foi conduzida pelo prefeito Valderico Junior, no Cana Brava Resort, e contou com a presen\u00e7a da primeira-dama, Dra Thais Paula, da vice-prefeita Wanessa Gedeon, secret\u00e1rios municipais, vereadores, imprensa e representantes da sociedade civil.<\/h3>\n<h3 style=\"text-align: justify\">Com o slogan \u201cSeu Ver\u00e3o come\u00e7a aqui\u201d, a festa ser\u00e1 realizada nos dias 29, 30 e 31 de dezembro, na Avenida Soares Lopes, na mesma arena que sediou o Meu S\u00e3o Jo\u00e3o Amado. A proposta retoma a celebra\u00e7\u00e3o do ano novo na cidade, ap\u00f3s seis anos, e deve fortalecer a economia, gerar empregos e valorizar a cultura ilheense.<\/h3>\n<h3 style=\"text-align: justify\">Segundo Valderico Junior, o r\u00e9veillon marca um novo momento: \u201cEstamos resgatando o protagonismo de Ilh\u00e9us como destino tur\u00edstico e criando uma tradi\u00e7\u00e3o que vai movimentar o com\u00e9rcio, a rede hoteleira e os servi\u00e7os. O Virada Ilh\u00e9us \u00e9 um investimento que impulsiona nossa cidade para o futuro\u201d, afirmou.<\/h3>\n<h3 style=\"text-align: justify\">O p\u00fablico poder\u00e1 acompanhar uma programa\u00e7\u00e3o diversificada, que re\u00fane nomes da m\u00fasica nacional e talentos locais. Entre os artistas confirmados est\u00e3o: Alok, Pablo, Belo, \u00c9 o Tchan!, Manu Bahtid\u00e3o, Parangol\u00e9, Marlus Viana, Via De Acesso, Berguinho, Andinho, Patrick Levi, Trio da Huanna, Thiago Aquino, Luan Costa e Tayn\u00e1 Agazzi.<\/h3>\n<h3 style=\"text-align: justify\">Para receber moradores e turistas, o Virada Ilh\u00e9us contar\u00e1 com dois palcos em um s\u00f3, garantindo maior visibilidade e melhor log\u00edstica para os artistas. Um show de fogos com baixa emiss\u00e3o de sons marcar\u00e1 a chegada de 2026, em respeito \u00e0s pessoas e aos animais. Al\u00e9m disso, o evento ter\u00e1 toda a infraestrutura necess\u00e1ria para dar conforto e seguran\u00e7a ao p\u00fablico, incluindo 170 barracas para ambulantes credenciados, suporte de sa\u00fade, sala de imprensa, \u00e1reas destinadas a t\u00e1xis e carros por aplicativo, transporte acess\u00edvel e espa\u00e7o para pessoas com defici\u00eancia, estrutura de acolhimento \u00e0 mulher, espa\u00e7o para os filhos doa ambulantes, al\u00e9m de seguran\u00e7a refor\u00e7ada, coleta seletiva, organiza\u00e7\u00e3o do tr\u00e2nsito e servi\u00e7os de limpeza.<\/h3>\n<h3 style=\"text-align: justify\">O lan\u00e7amento do r\u00e9veillon ocorre em um cen\u00e1rio de forte expans\u00e3o do turismo no Brasil, que registrou crescimento de 62,3% no recebimento de turistas em compara\u00e7\u00e3o com o mesmo per\u00edodo de 2024. A expectativa \u00e9 fazer de Ilh\u00e9us um dos destinos mais procurados do ver\u00e3o, impulsionando a economia regional.<\/h3>\n<h3 style=\"text-align: justify\">O Virada Ilh\u00e9us 2026 inaugura uma nova tradi\u00e7\u00e3o para a cidade e visa se consolidar como um marco de celebra\u00e7\u00e3o, desenvolvimento e valoriza\u00e7\u00e3o cultural.<\/h3>\n","protected":false},"excerpt":{"rendered":"<p>Evento retoma celebra\u00e7\u00e3o do r\u00e9veillon na cidade e promete impulsionar turismo e economia A Prefeitura de Ilh\u00e9us lan\u00e7ou oficialmente, nesta quarta-feira (1\u00ba), o Virada Ilh\u00e9us 2026, o novo r\u00e9veillon da cidade. A apresenta\u00e7\u00e3o foi conduzida pelo prefeito Valderico Junior, no Cana Brava Resort, e contou com a presen\u00e7a da primeira-dama, Dra Thais Paula, da vice-prefeita [&hellip;]<\/p>\n","protected":false},"author":992,"featured_media":193684,"comment_status":"open","ping_status":"closed","sticky":false,"template":"","format":"standard","meta":{"footnotes":"","_links_to":"","_links_to_target":""},"categories":[3],"tags":[],"class_list":["post-193683","post","type-post","status-publish","format-standard","has-post-thumbnail","hentry","category-cidades"],"views":221,"_links":{"self":[{"href":"https:\/\/www.politicosdosuldabahia.com.br\/v1\/wp-json\/wp\/v2\/posts\/193683"}],"collection":[{"href":"https:\/\/www.politicosdosuldabahia.com.br\/v1\/wp-json\/wp\/v2\/posts"}],"about":[{"href":"https:\/\/www.politicosdosuldabahia.com.br\/v1\/wp-json\/wp\/v2\/types\/post"}],"author":[{"embeddable":true,"href":"https:\/\/www.politicosdosuldabahia.com.br\/v1\/wp-json\/wp\/v2\/users\/992"}],"replies":[{"embeddable":true,"href":"https:\/\/www.politicosdosuldabahia.com.br\/v1\/wp-json\/wp\/v2\/comments?post=193683"}],"version-history":[{"count":1,"href":"https:\/\/www.politicosdosuldabahia.com.br\/v1\/wp-json\/wp\/v2\/posts\/193683\/revisions"}],"predecessor-version":[{"id":193685,"href":"https:\/\/www.politicosdosuldabahia.com.br\/v1\/wp-json\/wp\/v2\/posts\/193683\/revisions\/193685"}],"wp:featuredmedia":[{"embeddable":true,"href":"https:\/\/www.politicosdosuldabahia.com.br\/v1\/wp-json\/wp\/v2\/media\/193684"}],"wp:attachment":[{"href":"https:\/\/www.politicosdosuldabahia.com.br\/v1\/wp-json\/wp\/v2\/media?parent=193683"}],"wp:term":[{"taxonomy":"category","embeddable":true,"href":"https:\/\/www.politicosdosuldabahia.com.br\/v1\/wp-json\/wp\/v2\/categories?post=193683"},{"taxonomy":"post_tag","embeddable":true,"href":"https:\/\/www.politicosdosuldabahia.com.br\/v1\/wp-json\/wp\/v2\/tags?post=193683"}],"curies":[{"name":"wp","href":"https:\/\/api.w.org\/{rel}","templated":true}]}}