
{"id":193668,"date":"2025-10-01T14:51:48","date_gmt":"2025-10-01T17:51:48","guid":{"rendered":"https:\/\/www.politicosdosuldabahia.com.br\/v1\/?p=193668"},"modified":"2025-10-01T14:51:48","modified_gmt":"2025-10-01T17:51:48","slug":"porto-seguro-manutencao-de-pontos-da-entrada-da-cidade-e-orla-norte-estao-em-andamento-e-embelezam","status":"publish","type":"post","link":"https:\/\/www.politicosdosuldabahia.com.br\/v1\/2025\/10\/01\/porto-seguro-manutencao-de-pontos-da-entrada-da-cidade-e-orla-norte-estao-em-andamento-e-embelezam\/","title":{"rendered":"PORTO SEGURO: MANUTEN\u00c7\u00c3O DE PONTOS DA ENTRADA DA CIDADE E ORLA NORTE EST\u00c3O EM ANDAMENTO E EMBELEZAM"},"content":{"rendered":"<p><img loading=\"lazy\" decoding=\"async\" class=\"size-full wp-image-193669 aligncenter\" src=\"http:\/\/www.politicosdosuldabahia.com.br\/v1\/wp-content\/uploads\/2025\/10\/WhatsApp-Image-2025-10-01-at-14.13.20.jpeg\" alt=\"\" width=\"455\" height=\"303\" srcset=\"https:\/\/www.politicosdosuldabahia.com.br\/v1\/wp-content\/uploads\/2025\/10\/WhatsApp-Image-2025-10-01-at-14.13.20.jpeg 455w, https:\/\/www.politicosdosuldabahia.com.br\/v1\/wp-content\/uploads\/2025\/10\/WhatsApp-Image-2025-10-01-at-14.13.20-300x200.jpeg 300w\" sizes=\"(max-width: 455px) 100vw, 455px\" \/><\/p>\n<h3 style=\"text-align: justify\">Uma a\u00e7\u00e3o de manuten\u00e7\u00e3o, conserva\u00e7\u00e3o e limpeza est\u00e1 sendo realizada pelo Departamento de Conserva\u00e7\u00e3o Urbana, que segue com os servi\u00e7os adiantados, dando um novo aspecto e melhorando o visual de quem chega a Porto Seguro.<\/h3>\n<h3 style=\"text-align: justify\">Os trabalhos de pintura geral, pintura de meio-fio, limpeza, varri\u00e7\u00e3o, ro\u00e7agem e poda tiveram in\u00edcio no Trevo da Rodovi\u00e1ria, se estenderam pela Ladeira, passaram pela Pra\u00e7a das Pitangueiras e agora avan\u00e7am pela Orla Norte.<\/h3>\n<h3 style=\"text-align: justify\">A Pra\u00e7a das Pitangueiras recebeu aten\u00e7\u00e3o especial, com nova pintura e melhorias visuais que a deixaram totalmente revitalizada e ainda mais agrad\u00e1vel para moradores e visitantes. A ciclovia tamb\u00e9m est\u00e1 sendo pintada, ganhando um novo aspecto.<\/h3>\n<h3 style=\"text-align: justify\">Segundo Luzinete Pinha, coordenadora da Conserva\u00e7\u00e3o, os trabalhos j\u00e1 fazem diferen\u00e7a na paisagem, e a dedica\u00e7\u00e3o da equipe garante que cada \u00e1rea atendida seja entregue em melhores condi\u00e7\u00f5es de uso e beleza. \u201cSeguiremos com esse mutir\u00e3o at\u00e9 a Barraca do Ga\u00facho e contamos com a colabora\u00e7\u00e3o da popula\u00e7\u00e3o para que nos ajudem a conservar os espa\u00e7os p\u00fablicos limpos e bem cuidados\u201d, afirmou.<\/h3>\n","protected":false},"excerpt":{"rendered":"<p>Uma a\u00e7\u00e3o de manuten\u00e7\u00e3o, conserva\u00e7\u00e3o e limpeza est\u00e1 sendo realizada pelo Departamento de Conserva\u00e7\u00e3o Urbana, que segue com os servi\u00e7os adiantados, dando um novo aspecto e melhorando o visual de quem chega a Porto Seguro. Os trabalhos de pintura geral, pintura de meio-fio, limpeza, varri\u00e7\u00e3o, ro\u00e7agem e poda tiveram in\u00edcio no Trevo da Rodovi\u00e1ria, se [&hellip;]<\/p>\n","protected":false},"author":992,"featured_media":193669,"comment_status":"open","ping_status":"closed","sticky":false,"template":"","format":"standard","meta":{"footnotes":"","_links_to":"","_links_to_target":""},"categories":[3],"tags":[],"class_list":["post-193668","post","type-post","status-publish","format-standard","has-post-thumbnail","hentry","category-cidades"],"views":209,"_links":{"self":[{"href":"https:\/\/www.politicosdosuldabahia.com.br\/v1\/wp-json\/wp\/v2\/posts\/193668"}],"collection":[{"href":"https:\/\/www.politicosdosuldabahia.com.br\/v1\/wp-json\/wp\/v2\/posts"}],"about":[{"href":"https:\/\/www.politicosdosuldabahia.com.br\/v1\/wp-json\/wp\/v2\/types\/post"}],"author":[{"embeddable":true,"href":"https:\/\/www.politicosdosuldabahia.com.br\/v1\/wp-json\/wp\/v2\/users\/992"}],"replies":[{"embeddable":true,"href":"https:\/\/www.politicosdosuldabahia.com.br\/v1\/wp-json\/wp\/v2\/comments?post=193668"}],"version-history":[{"count":1,"href":"https:\/\/www.politicosdosuldabahia.com.br\/v1\/wp-json\/wp\/v2\/posts\/193668\/revisions"}],"predecessor-version":[{"id":193670,"href":"https:\/\/www.politicosdosuldabahia.com.br\/v1\/wp-json\/wp\/v2\/posts\/193668\/revisions\/193670"}],"wp:featuredmedia":[{"embeddable":true,"href":"https:\/\/www.politicosdosuldabahia.com.br\/v1\/wp-json\/wp\/v2\/media\/193669"}],"wp:attachment":[{"href":"https:\/\/www.politicosdosuldabahia.com.br\/v1\/wp-json\/wp\/v2\/media?parent=193668"}],"wp:term":[{"taxonomy":"category","embeddable":true,"href":"https:\/\/www.politicosdosuldabahia.com.br\/v1\/wp-json\/wp\/v2\/categories?post=193668"},{"taxonomy":"post_tag","embeddable":true,"href":"https:\/\/www.politicosdosuldabahia.com.br\/v1\/wp-json\/wp\/v2\/tags?post=193668"}],"curies":[{"name":"wp","href":"https:\/\/api.w.org\/{rel}","templated":true}]}}