
{"id":193665,"date":"2025-10-01T14:49:48","date_gmt":"2025-10-01T17:49:48","guid":{"rendered":"https:\/\/www.politicosdosuldabahia.com.br\/v1\/?p=193665"},"modified":"2025-10-01T14:49:48","modified_gmt":"2025-10-01T17:49:48","slug":"ilheus-cta-realiza-manha-de-testagem-rapida-e-prevencao-de-ists-no-bairro-nelson-costa","status":"publish","type":"post","link":"https:\/\/www.politicosdosuldabahia.com.br\/v1\/2025\/10\/01\/ilheus-cta-realiza-manha-de-testagem-rapida-e-prevencao-de-ists-no-bairro-nelson-costa\/","title":{"rendered":"ILH\u00c9US: CTA REALIZA MANH\u00c3 DE TESTAGEM R\u00c1PIDA E PREVEN\u00c7\u00c3O DE ISTS NO BAIRRO NELSON COSTA"},"content":{"rendered":"<p><img loading=\"lazy\" decoding=\"async\" class=\"wp-image-193666 aligncenter\" src=\"http:\/\/www.politicosdosuldabahia.com.br\/v1\/wp-content\/uploads\/2025\/10\/WhatsApp-Image-2025-10-01-at-14.35.38.jpeg\" alt=\"\" width=\"455\" height=\"364\" srcset=\"https:\/\/www.politicosdosuldabahia.com.br\/v1\/wp-content\/uploads\/2025\/10\/WhatsApp-Image-2025-10-01-at-14.35.38.jpeg 900w, https:\/\/www.politicosdosuldabahia.com.br\/v1\/wp-content\/uploads\/2025\/10\/WhatsApp-Image-2025-10-01-at-14.35.38-300x240.jpeg 300w, https:\/\/www.politicosdosuldabahia.com.br\/v1\/wp-content\/uploads\/2025\/10\/WhatsApp-Image-2025-10-01-at-14.35.38-768x614.jpeg 768w\" sizes=\"(max-width: 455px) 100vw, 455px\" \/><\/p>\n<p>&nbsp;<\/p>\n<h4 style=\"text-align: center\"><strong><em>Prefeitura de Ilh\u00e9us, por meio da Secretaria de Sa\u00fade, leva atendimento de sa\u00fade preventiva para a comunidade<\/em><\/strong><\/h4>\n<h3 style=\"text-align: justify\">A Pra\u00e7a da Mangueira, no bairro Nelson Costa, recebeu na manh\u00e3 desta quarta-feira (1\u00ba) uma grande a\u00e7\u00e3o do Centro de Testagem e Aconselhamento (CTA) da Secretaria Municipal de Sa\u00fade de Ilh\u00e9us. A a\u00e7\u00e3o reuniu profissionais de sa\u00fade, estudantes da Universidade Estadual de Santa Cruz (UESC) e moradores da comunidade, oferecendo gratuitamente testes r\u00e1pidos para HIV, hepatites B e C e s\u00edfilis, al\u00e9m de orienta\u00e7\u00e3o, encaminhamento m\u00e9dico e apoio psicol\u00f3gico.<\/h3>\n<h3 style=\"text-align: justify\">De acordo com a enfermeira Adriane Cobucci, do CTA, a proposta \u00e9 aproximar os servi\u00e7os de sa\u00fade da popula\u00e7\u00e3o, facilitando o acesso e promovendo a preven\u00e7\u00e3o. \u201cTestar \u00e9 uma das melhores formas de detectar precocemente as Infec\u00e7\u00f5es Sexualmente Transmiss\u00edveis. A partir do diagn\u00f3stico, \u00e9 poss\u00edvel prevenir novas transmiss\u00f5es e iniciar o tratamento adequado\u201d, destacou.<\/h3>\n<h3 style=\"text-align: justify\">A iniciativa contou com a parceria da Estrat\u00e9gia de Sa\u00fade da Fam\u00edlia (ESF) do Nelson Costa. Para a m\u00e9dica da unidade, Lorena Leahy, a\u00e7\u00f5es como essa fortalecem a aten\u00e7\u00e3o b\u00e1sica e ampliam o cuidado da popula\u00e7\u00e3o. \u201cO bairro tem cerca de cinco mil habitantes, uma comunidade bastante ativa. Temos observado aumento nos casos de ISTs, por isso pensamos nessa a\u00e7\u00e3o. Al\u00e9m dos testes, estamos aferindo press\u00e3o, glicemia e orientando sobre doen\u00e7as cr\u00f4nicas e cuidados com a sa\u00fade sexual. Aqui mesmo iniciamos o tratamento para quem recebe o resultado positivo, garantindo acolhimento imediato\u201d, explicou.<\/h3>\n<h3 style=\"text-align: justify\">Al\u00e9m da parte cl\u00ednica, a a\u00e7\u00e3o tamb\u00e9m ofereceu suporte psicol\u00f3gico, fundamental para os momentos de diagn\u00f3stico. Estudantes de Psicologia e Medicina da UESC participaram do atendimento, auxiliando na realiza\u00e7\u00e3o dos testes e no acompanhamento dos pacientes. \u201c\u00c0s vezes \u00e9 dif\u00edcil para a pessoa lidar com um resultado positivo. O apoio psicol\u00f3gico faz toda a diferen\u00e7a nesse momento\u201d, completou Adriane do CTA.<\/h3>\n<h3 style=\"text-align: justify\">A comunidade aprovou a iniciativa. O aposentado Ant\u00f4nio Correia da Silva elogiou a organiza\u00e7\u00e3o: \u201cGostei muito da a\u00e7\u00e3o e espero que continue acontecendo desse jeito.\u201d<\/h3>\n<h3 style=\"text-align: justify\">J\u00e1 a dona de casa Zineide Santos aproveitou para realizar alguns testes: \u201cAchei muito interessante. Vim participar e recomendo que outros moradores fa\u00e7am tamb\u00e9m\u201d.<\/h3>\n<h3 style=\"text-align: justify\">A Prefeitura de Ilh\u00e9us, por meio da Secretaria Municipal de Sa\u00fade, refor\u00e7a que seguir\u00e1 realizando a\u00e7\u00f5es descentralizadas, levando sa\u00fade preventiva e inclusiva para diferentes bairros da cidade.<\/h3>\n","protected":false},"excerpt":{"rendered":"<p>&nbsp; Prefeitura de Ilh\u00e9us, por meio da Secretaria de Sa\u00fade, leva atendimento de sa\u00fade preventiva para a comunidade A Pra\u00e7a da Mangueira, no bairro Nelson Costa, recebeu na manh\u00e3 desta quarta-feira (1\u00ba) uma grande a\u00e7\u00e3o do Centro de Testagem e Aconselhamento (CTA) da Secretaria Municipal de Sa\u00fade de Ilh\u00e9us. A a\u00e7\u00e3o reuniu profissionais de sa\u00fade, [&hellip;]<\/p>\n","protected":false},"author":992,"featured_media":193666,"comment_status":"open","ping_status":"closed","sticky":false,"template":"","format":"standard","meta":{"footnotes":"","_links_to":"","_links_to_target":""},"categories":[3],"tags":[],"class_list":["post-193665","post","type-post","status-publish","format-standard","has-post-thumbnail","hentry","category-cidades"],"views":177,"_links":{"self":[{"href":"https:\/\/www.politicosdosuldabahia.com.br\/v1\/wp-json\/wp\/v2\/posts\/193665"}],"collection":[{"href":"https:\/\/www.politicosdosuldabahia.com.br\/v1\/wp-json\/wp\/v2\/posts"}],"about":[{"href":"https:\/\/www.politicosdosuldabahia.com.br\/v1\/wp-json\/wp\/v2\/types\/post"}],"author":[{"embeddable":true,"href":"https:\/\/www.politicosdosuldabahia.com.br\/v1\/wp-json\/wp\/v2\/users\/992"}],"replies":[{"embeddable":true,"href":"https:\/\/www.politicosdosuldabahia.com.br\/v1\/wp-json\/wp\/v2\/comments?post=193665"}],"version-history":[{"count":1,"href":"https:\/\/www.politicosdosuldabahia.com.br\/v1\/wp-json\/wp\/v2\/posts\/193665\/revisions"}],"predecessor-version":[{"id":193667,"href":"https:\/\/www.politicosdosuldabahia.com.br\/v1\/wp-json\/wp\/v2\/posts\/193665\/revisions\/193667"}],"wp:featuredmedia":[{"embeddable":true,"href":"https:\/\/www.politicosdosuldabahia.com.br\/v1\/wp-json\/wp\/v2\/media\/193666"}],"wp:attachment":[{"href":"https:\/\/www.politicosdosuldabahia.com.br\/v1\/wp-json\/wp\/v2\/media?parent=193665"}],"wp:term":[{"taxonomy":"category","embeddable":true,"href":"https:\/\/www.politicosdosuldabahia.com.br\/v1\/wp-json\/wp\/v2\/categories?post=193665"},{"taxonomy":"post_tag","embeddable":true,"href":"https:\/\/www.politicosdosuldabahia.com.br\/v1\/wp-json\/wp\/v2\/tags?post=193665"}],"curies":[{"name":"wp","href":"https:\/\/api.w.org\/{rel}","templated":true}]}}