
{"id":193660,"date":"2025-10-01T14:47:53","date_gmt":"2025-10-01T17:47:53","guid":{"rendered":"https:\/\/www.politicosdosuldabahia.com.br\/v1\/?p=193660"},"modified":"2025-10-01T14:47:53","modified_gmt":"2025-10-01T17:47:53","slug":"julgue-me-se-for-capaz-escritora-lanca-primeiro-livro-inspirado-em-vivencias-traumaticas","status":"publish","type":"post","link":"https:\/\/www.politicosdosuldabahia.com.br\/v1\/2025\/10\/01\/julgue-me-se-for-capaz-escritora-lanca-primeiro-livro-inspirado-em-vivencias-traumaticas\/","title":{"rendered":"\u201cJULGUE-ME SE FOR CAPAZ\u201d: ESCRITORA LAN\u00c7A PRIMEIRO LIVRO INSPIRADO EM VIV\u00caNCIAS TRAUM\u00c1TICAS"},"content":{"rendered":"<p><img loading=\"lazy\" decoding=\"async\" class=\"wp-image-193662 aligncenter\" src=\"http:\/\/www.politicosdosuldabahia.com.br\/v1\/wp-content\/uploads\/2025\/10\/WhatsApp-Image-2025-10-01-at-13.11.31.jpeg\" alt=\"\" width=\"353\" height=\"455\" srcset=\"https:\/\/www.politicosdosuldabahia.com.br\/v1\/wp-content\/uploads\/2025\/10\/WhatsApp-Image-2025-10-01-at-13.11.31.jpeg 1020w, https:\/\/www.politicosdosuldabahia.com.br\/v1\/wp-content\/uploads\/2025\/10\/WhatsApp-Image-2025-10-01-at-13.11.31-233x300.jpeg 233w, https:\/\/www.politicosdosuldabahia.com.br\/v1\/wp-content\/uploads\/2025\/10\/WhatsApp-Image-2025-10-01-at-13.11.31-794x1024.jpeg 794w, https:\/\/www.politicosdosuldabahia.com.br\/v1\/wp-content\/uploads\/2025\/10\/WhatsApp-Image-2025-10-01-at-13.11.31-768x990.jpeg 768w\" sizes=\"(max-width: 353px) 100vw, 353px\" \/><\/p>\n<h3 style=\"text-align: justify\">Transformar a dor em arte \u00e9 um dos caminhos mais poderosos da escrita liter\u00e1ria. Foi exatamente isso que fez a escritora Goretti Carneiro, que lan\u00e7a seu primeiro livro, a autobiografia \u201cJulgue-me se for Capaz\u201d, baseada em experi\u00eancias pessoais marcadas por momentos traum\u00e1ticos.<\/h3>\n<h3 style=\"text-align: justify\">Engenheira Ambiental por forma\u00e7\u00e3o, Goretti nasceu no semi\u00e1rido da Bahia, em condi\u00e7\u00f5es prec\u00e1rias, e foi v\u00edtima de abuso sexual na inf\u00e2ncia, cometido pelo irm\u00e3o mais velho. Ap\u00f3s ter sobrevivido a incont\u00e1veis situa\u00e7\u00f5es de risco \u2014 inclusive de morte \u2014 a retomada dessas mem\u00f3rias, somada ao diagn\u00f3stico de Transtorno de Personalidade Borderline, tornou-se combust\u00edvel para uma jornada de supera\u00e7\u00e3o di\u00e1ria, marcada pelo desejo de n\u00e3o mais provocar dor nem sofrimento.<\/h3>\n<h3 style=\"text-align: justify\">Com uma escrita sens\u00edvel e intensa, a autora mergulha em lembran\u00e7as dif\u00edceis e, ao mesmo tempo, prop\u00f5e reflex\u00f5es sobre resili\u00eancia, supera\u00e7\u00e3o e a for\u00e7a do autoconhecimento. O livro apresenta relatos ficcionais inspirados em epis\u00f3dios reais, revelando como a palavra pode se tornar uma ferramenta de cura e de conex\u00e3o com outras pessoas que enfrentaram situa\u00e7\u00f5es semelhantes.<\/h3>\n<h3 style=\"text-align: justify\">\u201cEscrever foi a forma que encontrei de dar novo sentido \u00e0s dores que vivi. Quero que os leitores \u2014 especialmente mulheres diagnosticadas com o mesmo transtorno e que, muitas vezes, sequer percebem isso \u2014 entendam a import\u00e2ncia do autoconhecimento, do auto perd\u00e3o e da autossupera\u00e7\u00e3o. Mais do que tudo, quero que saibam que n\u00e3o est\u00e3o sozinhos em suas batalhas\u201d, destaca a escritora.<\/h3>\n<h3 style=\"text-align: justify\">O lan\u00e7amento de \u201cJulgue-me se for Capaz\u201d acontece no dia 3 de outubro, no Badau\u00ea, em Ilh\u00e9us, no sul da Bahia, e marca o in\u00edcio de uma trajet\u00f3ria liter\u00e1ria que promete impactar e emocionar.<\/h3>\n","protected":false},"excerpt":{"rendered":"<p>Transformar a dor em arte \u00e9 um dos caminhos mais poderosos da escrita liter\u00e1ria. Foi exatamente isso que fez a escritora Goretti Carneiro, que lan\u00e7a seu primeiro livro, a autobiografia \u201cJulgue-me se for Capaz\u201d, baseada em experi\u00eancias pessoais marcadas por momentos traum\u00e1ticos. Engenheira Ambiental por forma\u00e7\u00e3o, Goretti nasceu no semi\u00e1rido da Bahia, em condi\u00e7\u00f5es prec\u00e1rias, [&hellip;]<\/p>\n","protected":false},"author":992,"featured_media":193662,"comment_status":"open","ping_status":"closed","sticky":false,"template":"","format":"standard","meta":{"footnotes":"","_links_to":"","_links_to_target":""},"categories":[3],"tags":[],"class_list":["post-193660","post","type-post","status-publish","format-standard","has-post-thumbnail","hentry","category-cidades"],"views":247,"_links":{"self":[{"href":"https:\/\/www.politicosdosuldabahia.com.br\/v1\/wp-json\/wp\/v2\/posts\/193660"}],"collection":[{"href":"https:\/\/www.politicosdosuldabahia.com.br\/v1\/wp-json\/wp\/v2\/posts"}],"about":[{"href":"https:\/\/www.politicosdosuldabahia.com.br\/v1\/wp-json\/wp\/v2\/types\/post"}],"author":[{"embeddable":true,"href":"https:\/\/www.politicosdosuldabahia.com.br\/v1\/wp-json\/wp\/v2\/users\/992"}],"replies":[{"embeddable":true,"href":"https:\/\/www.politicosdosuldabahia.com.br\/v1\/wp-json\/wp\/v2\/comments?post=193660"}],"version-history":[{"count":1,"href":"https:\/\/www.politicosdosuldabahia.com.br\/v1\/wp-json\/wp\/v2\/posts\/193660\/revisions"}],"predecessor-version":[{"id":193663,"href":"https:\/\/www.politicosdosuldabahia.com.br\/v1\/wp-json\/wp\/v2\/posts\/193660\/revisions\/193663"}],"wp:featuredmedia":[{"embeddable":true,"href":"https:\/\/www.politicosdosuldabahia.com.br\/v1\/wp-json\/wp\/v2\/media\/193662"}],"wp:attachment":[{"href":"https:\/\/www.politicosdosuldabahia.com.br\/v1\/wp-json\/wp\/v2\/media?parent=193660"}],"wp:term":[{"taxonomy":"category","embeddable":true,"href":"https:\/\/www.politicosdosuldabahia.com.br\/v1\/wp-json\/wp\/v2\/categories?post=193660"},{"taxonomy":"post_tag","embeddable":true,"href":"https:\/\/www.politicosdosuldabahia.com.br\/v1\/wp-json\/wp\/v2\/tags?post=193660"}],"curies":[{"name":"wp","href":"https:\/\/api.w.org\/{rel}","templated":true}]}}