
{"id":193657,"date":"2025-10-01T14:44:31","date_gmt":"2025-10-01T17:44:31","guid":{"rendered":"https:\/\/www.politicosdosuldabahia.com.br\/v1\/?p=193657"},"modified":"2025-10-01T14:44:31","modified_gmt":"2025-10-01T17:44:31","slug":"ibirataia-confirma-presenca-no-fest-contas-2025","status":"publish","type":"post","link":"https:\/\/www.politicosdosuldabahia.com.br\/v1\/2025\/10\/01\/ibirataia-confirma-presenca-no-fest-contas-2025\/","title":{"rendered":"IBIRATAIA CONFIRMA PRESEN\u00c7A NO FEST CONTAS 2025"},"content":{"rendered":"<p><img loading=\"lazy\" decoding=\"async\" class=\"aligncenter wp-image-193658\" src=\"http:\/\/www.politicosdosuldabahia.com.br\/v1\/wp-content\/uploads\/2025\/10\/WhatsApp-Image-2025-10-01-at-13.55.16.jpeg\" alt=\"\" width=\"455\" height=\"256\" srcset=\"https:\/\/www.politicosdosuldabahia.com.br\/v1\/wp-content\/uploads\/2025\/10\/WhatsApp-Image-2025-10-01-at-13.55.16.jpeg 500w, https:\/\/www.politicosdosuldabahia.com.br\/v1\/wp-content\/uploads\/2025\/10\/WhatsApp-Image-2025-10-01-at-13.55.16-300x169.jpeg 300w\" sizes=\"(max-width: 455px) 100vw, 455px\" \/><\/p>\n<p>&nbsp;<\/p>\n<h4 style=\"text-align: center\"><strong><em>Munic\u00edpio ser\u00e1 representado no festival liter\u00e1rio regional, fortalecendo la\u00e7os culturais com cidades vizinhas<\/em><\/strong><\/h4>\n<h3 style=\"text-align: justify\">Nesta ter\u00e7a-feira (1\u00ba), o Secret\u00e1rio de Cultura e Turismo de Ibirataia, Silvio Brand\u00e3o, recebeu os produtores do Fest Contas \u2013 Festival Liter\u00e1rio do M\u00e9dio Rio das Contas, Fagner Alves e Rafhael Andrade.<\/h3>\n<h3 style=\"text-align: justify\">Durante a visita, foi feito o convite para que Ibirataia participe oficialmente da programa\u00e7\u00e3o do evento, que acontecer\u00e1 entre os dias 2 e 5 de outubro, em Ipia\u00fa. O secret\u00e1rio confirmou a presen\u00e7a do munic\u00edpio, destacando o compromisso com a cultura, a literatura e o interc\u00e2mbio regional. A iniciativa fortalece a integra\u00e7\u00e3o entre cidades e amplia a visibilidade das produ\u00e7\u00f5es culturais do territ\u00f3rio.<\/h3>\n","protected":false},"excerpt":{"rendered":"<p>&nbsp; Munic\u00edpio ser\u00e1 representado no festival liter\u00e1rio regional, fortalecendo la\u00e7os culturais com cidades vizinhas Nesta ter\u00e7a-feira (1\u00ba), o Secret\u00e1rio de Cultura e Turismo de Ibirataia, Silvio Brand\u00e3o, recebeu os produtores do Fest Contas \u2013 Festival Liter\u00e1rio do M\u00e9dio Rio das Contas, Fagner Alves e Rafhael Andrade. Durante a visita, foi feito o convite para que [&hellip;]<\/p>\n","protected":false},"author":992,"featured_media":193658,"comment_status":"open","ping_status":"closed","sticky":false,"template":"","format":"standard","meta":{"footnotes":"","_links_to":"","_links_to_target":""},"categories":[3],"tags":[],"class_list":["post-193657","post","type-post","status-publish","format-standard","has-post-thumbnail","hentry","category-cidades"],"views":183,"_links":{"self":[{"href":"https:\/\/www.politicosdosuldabahia.com.br\/v1\/wp-json\/wp\/v2\/posts\/193657"}],"collection":[{"href":"https:\/\/www.politicosdosuldabahia.com.br\/v1\/wp-json\/wp\/v2\/posts"}],"about":[{"href":"https:\/\/www.politicosdosuldabahia.com.br\/v1\/wp-json\/wp\/v2\/types\/post"}],"author":[{"embeddable":true,"href":"https:\/\/www.politicosdosuldabahia.com.br\/v1\/wp-json\/wp\/v2\/users\/992"}],"replies":[{"embeddable":true,"href":"https:\/\/www.politicosdosuldabahia.com.br\/v1\/wp-json\/wp\/v2\/comments?post=193657"}],"version-history":[{"count":1,"href":"https:\/\/www.politicosdosuldabahia.com.br\/v1\/wp-json\/wp\/v2\/posts\/193657\/revisions"}],"predecessor-version":[{"id":193659,"href":"https:\/\/www.politicosdosuldabahia.com.br\/v1\/wp-json\/wp\/v2\/posts\/193657\/revisions\/193659"}],"wp:featuredmedia":[{"embeddable":true,"href":"https:\/\/www.politicosdosuldabahia.com.br\/v1\/wp-json\/wp\/v2\/media\/193658"}],"wp:attachment":[{"href":"https:\/\/www.politicosdosuldabahia.com.br\/v1\/wp-json\/wp\/v2\/media?parent=193657"}],"wp:term":[{"taxonomy":"category","embeddable":true,"href":"https:\/\/www.politicosdosuldabahia.com.br\/v1\/wp-json\/wp\/v2\/categories?post=193657"},{"taxonomy":"post_tag","embeddable":true,"href":"https:\/\/www.politicosdosuldabahia.com.br\/v1\/wp-json\/wp\/v2\/tags?post=193657"}],"curies":[{"name":"wp","href":"https:\/\/api.w.org\/{rel}","templated":true}]}}