
{"id":193653,"date":"2025-10-01T12:08:06","date_gmt":"2025-10-01T15:08:06","guid":{"rendered":"https:\/\/www.politicosdosuldabahia.com.br\/v1\/?p=193653"},"modified":"2025-10-01T12:08:06","modified_gmt":"2025-10-01T15:08:06","slug":"vista-do-vale-apresenta-nova-gestao-e-portfolio-de-racoes-em-evento-com-produtores-da-regiao","status":"publish","type":"post","link":"https:\/\/www.politicosdosuldabahia.com.br\/v1\/2025\/10\/01\/vista-do-vale-apresenta-nova-gestao-e-portfolio-de-racoes-em-evento-com-produtores-da-regiao\/","title":{"rendered":"\u200bVISTA DO VALE APRESENTA NOVA GEST\u00c3O E PORTF\u00d3LIO DE RA\u00c7\u00d5ES EM EVENTO COM PRODUTORES DA REGI\u00c3O"},"content":{"rendered":"<h3><img loading=\"lazy\" decoding=\"async\" class=\"size-full wp-image-193654 aligncenter\" src=\"http:\/\/www.politicosdosuldabahia.com.br\/v1\/wp-content\/uploads\/2025\/10\/VISTA-DO-VALE.jpg\" alt=\"\" width=\"455\" height=\"341\" srcset=\"https:\/\/www.politicosdosuldabahia.com.br\/v1\/wp-content\/uploads\/2025\/10\/VISTA-DO-VALE.jpg 455w, https:\/\/www.politicosdosuldabahia.com.br\/v1\/wp-content\/uploads\/2025\/10\/VISTA-DO-VALE-300x225.jpg 300w, https:\/\/www.politicosdosuldabahia.com.br\/v1\/wp-content\/uploads\/2025\/10\/VISTA-DO-VALE-400x300.jpg 400w\" sizes=\"(max-width: 455px) 100vw, 455px\" \/><\/h3>\n<h3 style=\"text-align: justify\">Na noite desta ter\u00e7a-feira (30), a Vista do Vale reuniu produtores rurais e parceiros no restaurante Los Pampas, em Itabuna, para apresentar oficialmente sua nova gest\u00e3o e o portf\u00f3lio de ra\u00e7\u00f5es para bovinos de corte e leite.<\/h3>\n<h3 style=\"text-align: justify\">A Vista do Vale \u00e9 uma empresa de nutri\u00e7\u00e3o animal, especializada na produ\u00e7\u00e3o de ra\u00e7\u00f5es e suplementos para gado de corte e de leite. A f\u00e1brica, considerada a mais moderna do sul da Bahia, est\u00e1 localizada em Buerarema e integra o grupo Brasil Nutri Ambiental.<\/h3>\n<h3 style=\"text-align: justify\">O CEO Robson Miranda destacou sua trajet\u00f3ria empreendedora, vinculada \u00e0 Brasil Nutri Ambiental, e relembrou sua liga\u00e7\u00e3o familiar com o agroneg\u00f3cio. Ele ressaltou que a f\u00e1brica \u00e9 equipada com tecnologia de ponta, opera\u00e7\u00e3o automatizada e m\u00e1quinas de \u00faltima gera\u00e7\u00e3o, assegurando precis\u00e3o e homogeneidade na produ\u00e7\u00e3o.<\/h3>\n<h3 style=\"text-align: justify\">Segundo Miranda, a atua\u00e7\u00e3o da Vista do Vale seguir\u00e1 sustentada em quatro pilares: tecnologia, qualidade dos insumos, precis\u00e3o e log\u00edstica eficiente, garantindo confian\u00e7a e parceria s\u00f3lida junto aos clientes.<\/h3>\n<h3 style=\"text-align: justify\">O zootecnista Eduardo Livramento, respons\u00e1vel t\u00e9cnico, apresentou o portf\u00f3lio de produtos e ressaltou a import\u00e2ncia da suplementa\u00e7\u00e3o animal, mostrando resultados expressivos j\u00e1 alcan\u00e7ados em propriedades que utilizam o manejo adequado.<\/h3>\n<h3 style=\"text-align: justify\">Outro destaque foi a implanta\u00e7\u00e3o de um laborat\u00f3rio pr\u00f3prio, que assegura o monitoramento cont\u00ednuo da composi\u00e7\u00e3o das ra\u00e7\u00f5es, garantindo que cada produto entregue ao mercado seja 100% confi\u00e1vel e alinhado \u00e0 tabela nutricional.<\/h3>\n<h3 style=\"text-align: justify\">Comprometida com a responsabilidade socioambiental, a Vista do Vale tamb\u00e9m apresentou seu selo verde, resultado de pr\u00e1ticas como coleta seletiva, aterro zero e processos sustent\u00e1veis em toda a opera\u00e7\u00e3o.<\/h3>\n<h3 style=\"text-align: justify\">O encontro foi finalizado com um jantar de confraterniza\u00e7\u00e3o, marcado por entusiasmo e pela expectativa de fortalecimento das parcerias e da utiliza\u00e7\u00e3o das ra\u00e7\u00f5es da empresa nos rebanhos da regi\u00e3o.<\/h3>\n","protected":false},"excerpt":{"rendered":"<p>Na noite desta ter\u00e7a-feira (30), a Vista do Vale reuniu produtores rurais e parceiros no restaurante Los Pampas, em Itabuna, para apresentar oficialmente sua nova gest\u00e3o e o portf\u00f3lio de ra\u00e7\u00f5es para bovinos de corte e leite. A Vista do Vale \u00e9 uma empresa de nutri\u00e7\u00e3o animal, especializada na produ\u00e7\u00e3o de ra\u00e7\u00f5es e suplementos para [&hellip;]<\/p>\n","protected":false},"author":992,"featured_media":193654,"comment_status":"open","ping_status":"closed","sticky":false,"template":"","format":"standard","meta":{"footnotes":"","_links_to":"","_links_to_target":""},"categories":[3],"tags":[],"class_list":["post-193653","post","type-post","status-publish","format-standard","has-post-thumbnail","hentry","category-cidades"],"views":472,"_links":{"self":[{"href":"https:\/\/www.politicosdosuldabahia.com.br\/v1\/wp-json\/wp\/v2\/posts\/193653"}],"collection":[{"href":"https:\/\/www.politicosdosuldabahia.com.br\/v1\/wp-json\/wp\/v2\/posts"}],"about":[{"href":"https:\/\/www.politicosdosuldabahia.com.br\/v1\/wp-json\/wp\/v2\/types\/post"}],"author":[{"embeddable":true,"href":"https:\/\/www.politicosdosuldabahia.com.br\/v1\/wp-json\/wp\/v2\/users\/992"}],"replies":[{"embeddable":true,"href":"https:\/\/www.politicosdosuldabahia.com.br\/v1\/wp-json\/wp\/v2\/comments?post=193653"}],"version-history":[{"count":1,"href":"https:\/\/www.politicosdosuldabahia.com.br\/v1\/wp-json\/wp\/v2\/posts\/193653\/revisions"}],"predecessor-version":[{"id":193655,"href":"https:\/\/www.politicosdosuldabahia.com.br\/v1\/wp-json\/wp\/v2\/posts\/193653\/revisions\/193655"}],"wp:featuredmedia":[{"embeddable":true,"href":"https:\/\/www.politicosdosuldabahia.com.br\/v1\/wp-json\/wp\/v2\/media\/193654"}],"wp:attachment":[{"href":"https:\/\/www.politicosdosuldabahia.com.br\/v1\/wp-json\/wp\/v2\/media?parent=193653"}],"wp:term":[{"taxonomy":"category","embeddable":true,"href":"https:\/\/www.politicosdosuldabahia.com.br\/v1\/wp-json\/wp\/v2\/categories?post=193653"},{"taxonomy":"post_tag","embeddable":true,"href":"https:\/\/www.politicosdosuldabahia.com.br\/v1\/wp-json\/wp\/v2\/tags?post=193653"}],"curies":[{"name":"wp","href":"https:\/\/api.w.org\/{rel}","templated":true}]}}