
{"id":193642,"date":"2025-09-30T17:39:09","date_gmt":"2025-09-30T20:39:09","guid":{"rendered":"https:\/\/www.politicosdosuldabahia.com.br\/v1\/?p=193642"},"modified":"2025-09-30T17:39:09","modified_gmt":"2025-09-30T20:39:09","slug":"teixeira-de-freitas-prefeitura-mobiliza-rede-municipal-para-as-avaliacoes-sabe-e-saeb-2025","status":"publish","type":"post","link":"https:\/\/www.politicosdosuldabahia.com.br\/v1\/2025\/09\/30\/teixeira-de-freitas-prefeitura-mobiliza-rede-municipal-para-as-avaliacoes-sabe-e-saeb-2025\/","title":{"rendered":"TEIXEIRA DE FREITAS: PREFEITURA MOBILIZA REDE MUNICIPAL PARA AS AVALIA\u00c7\u00d5ES SABE E SAEB 2025"},"content":{"rendered":"<p><img loading=\"lazy\" decoding=\"async\" class=\"wp-image-193643 aligncenter\" src=\"http:\/\/www.politicosdosuldabahia.com.br\/v1\/wp-content\/uploads\/2025\/09\/download.jpeg\" alt=\"\" width=\"455\" height=\"244\" srcset=\"https:\/\/www.politicosdosuldabahia.com.br\/v1\/wp-content\/uploads\/2025\/09\/download.jpeg 1024w, https:\/\/www.politicosdosuldabahia.com.br\/v1\/wp-content\/uploads\/2025\/09\/download-300x161.jpeg 300w, https:\/\/www.politicosdosuldabahia.com.br\/v1\/wp-content\/uploads\/2025\/09\/download-768x412.jpeg 768w\" sizes=\"(max-width: 455px) 100vw, 455px\" \/><\/p>\n<h3 style=\"text-align: justify\">A Prefeitura Municipal de Teixeira de Freitas, por meio da Secretaria Municipal de Educa\u00e7\u00e3o, j\u00e1 iniciou a mobiliza\u00e7\u00e3o da rede de ensino para a realiza\u00e7\u00e3o das avalia\u00e7\u00f5es SABE (Sistema de Avalia\u00e7\u00e3o Baiano da Educa\u00e7\u00e3o) e SAEB (Sistema de Avalia\u00e7\u00e3o da Educa\u00e7\u00e3o B\u00e1sica), que acontecer\u00e3o entre os meses de outubro e novembro de 2025.<\/h3>\n<h3 style=\"text-align: justify\">As avalia\u00e7\u00f5es s\u00e3o um importante instrumento para medir a aprendizagem dos estudantes, apoiar o trabalho pedag\u00f3gico das escolas e subsidiar a formula\u00e7\u00e3o de pol\u00edticas p\u00fablicas educacionais mais eficazes.<\/h3>\n<h3 style=\"text-align: justify\"><\/h3>\n<h3 style=\"text-align: justify\"><strong>Calend\u00e1rio das avalia\u00e7\u00f5es<\/strong><\/h3>\n<h3 style=\"text-align: justify\">&#8211; SABE<\/h3>\n<h3 style=\"text-align: justify\">&#8211; 6 a 10 de outubro: alunos do 5\u00ba e 9\u00ba ano do Ensino Fundamental.<\/h3>\n<h3 style=\"text-align: justify\">&#8211; 10 a 14 de novembro: alunos do 2\u00ba ano do Ensino Fundamental.<\/h3>\n<h3 style=\"text-align: justify\"><\/h3>\n<h3 style=\"text-align: justify\">SAEB<\/h3>\n<h3 style=\"text-align: justify\">&#8211; 20 a 31 de outubro: provas de L\u00edngua Portuguesa e Matem\u00e1tica para alunos do 5\u00ba e 9\u00ba ano do Ensino Fundamental.<\/h3>\n<h3 style=\"text-align: justify\"><strong>Compromisso com a qualidade da educa\u00e7\u00e3o<\/strong><\/h3>\n<h3 style=\"text-align: justify\">De acordo com a Secretaria Municipal de Educa\u00e7\u00e3o, os resultados obtidos nessas avalia\u00e7\u00f5es s\u00e3o fundamentais n\u00e3o apenas para os estudantes, que t\u00eam a oportunidade de identificar avan\u00e7os e pontos que precisam ser aprimorados, mas tamb\u00e9m para as escolas, que recebem informa\u00e7\u00f5es valiosas para o planejamento pedag\u00f3gico. Al\u00e9m disso, os dados contribuem para que o munic\u00edpio e o estado fortale\u00e7am a constru\u00e7\u00e3o de pol\u00edticas p\u00fablicas voltadas \u00e0 melhoria cont\u00ednua da qualidade da educa\u00e7\u00e3o.<\/h3>\n<h3 style=\"text-align: justify\">O sucesso desse processo, no entanto, depende do esfor\u00e7o conjunto de toda a comunidade escolar. Os estudantes precisam se preparar e participar com dedica\u00e7\u00e3o; as fam\u00edlias t\u00eam papel essencial ao incentivar e apoiar seus filhos; e professores e gestores s\u00e3o respons\u00e1veis por organizar e garantir um ambiente adequado para a realiza\u00e7\u00e3o das provas.<\/h3>\n<h3 style=\"text-align: justify\">O secret\u00e1rio municipal de Educa\u00e7\u00e3o, Edinaldo Rezende, destacou a import\u00e2ncia desse engajamento coletivo. \u201cAgradecemos profundamente a dedica\u00e7\u00e3o de alunos, fam\u00edlias, professores e gestores. Todos est\u00e3o unidos para que essas avalia\u00e7\u00f5es sejam um sucesso. Juntos, estamos construindo uma educa\u00e7\u00e3o cada vez mais forte, inclusiva e de qualidade em Teixeira de Freitas\u201d, afirmou.<\/h3>\n<h3 style=\"text-align: justify\">A Prefeitura de Teixeira de Freitas reafirma, assim, seu compromisso com a valoriza\u00e7\u00e3o da educa\u00e7\u00e3o e seguir\u00e1 trabalhando em parceria com toda a comunidade escolar para garantir melhores resultados e proporcionar um futuro mais justo e promissor para crian\u00e7as e adolescentes do munic\u00edpio.<\/h3>\n","protected":false},"excerpt":{"rendered":"<p>A Prefeitura Municipal de Teixeira de Freitas, por meio da Secretaria Municipal de Educa\u00e7\u00e3o, j\u00e1 iniciou a mobiliza\u00e7\u00e3o da rede de ensino para a realiza\u00e7\u00e3o das avalia\u00e7\u00f5es SABE (Sistema de Avalia\u00e7\u00e3o Baiano da Educa\u00e7\u00e3o) e SAEB (Sistema de Avalia\u00e7\u00e3o da Educa\u00e7\u00e3o B\u00e1sica), que acontecer\u00e3o entre os meses de outubro e novembro de 2025. As avalia\u00e7\u00f5es [&hellip;]<\/p>\n","protected":false},"author":992,"featured_media":193643,"comment_status":"open","ping_status":"closed","sticky":false,"template":"","format":"standard","meta":{"footnotes":"","_links_to":"","_links_to_target":""},"categories":[3],"tags":[],"class_list":["post-193642","post","type-post","status-publish","format-standard","has-post-thumbnail","hentry","category-cidades"],"views":176,"_links":{"self":[{"href":"https:\/\/www.politicosdosuldabahia.com.br\/v1\/wp-json\/wp\/v2\/posts\/193642"}],"collection":[{"href":"https:\/\/www.politicosdosuldabahia.com.br\/v1\/wp-json\/wp\/v2\/posts"}],"about":[{"href":"https:\/\/www.politicosdosuldabahia.com.br\/v1\/wp-json\/wp\/v2\/types\/post"}],"author":[{"embeddable":true,"href":"https:\/\/www.politicosdosuldabahia.com.br\/v1\/wp-json\/wp\/v2\/users\/992"}],"replies":[{"embeddable":true,"href":"https:\/\/www.politicosdosuldabahia.com.br\/v1\/wp-json\/wp\/v2\/comments?post=193642"}],"version-history":[{"count":1,"href":"https:\/\/www.politicosdosuldabahia.com.br\/v1\/wp-json\/wp\/v2\/posts\/193642\/revisions"}],"predecessor-version":[{"id":193644,"href":"https:\/\/www.politicosdosuldabahia.com.br\/v1\/wp-json\/wp\/v2\/posts\/193642\/revisions\/193644"}],"wp:featuredmedia":[{"embeddable":true,"href":"https:\/\/www.politicosdosuldabahia.com.br\/v1\/wp-json\/wp\/v2\/media\/193643"}],"wp:attachment":[{"href":"https:\/\/www.politicosdosuldabahia.com.br\/v1\/wp-json\/wp\/v2\/media?parent=193642"}],"wp:term":[{"taxonomy":"category","embeddable":true,"href":"https:\/\/www.politicosdosuldabahia.com.br\/v1\/wp-json\/wp\/v2\/categories?post=193642"},{"taxonomy":"post_tag","embeddable":true,"href":"https:\/\/www.politicosdosuldabahia.com.br\/v1\/wp-json\/wp\/v2\/tags?post=193642"}],"curies":[{"name":"wp","href":"https:\/\/api.w.org\/{rel}","templated":true}]}}