
{"id":193638,"date":"2025-09-30T17:37:07","date_gmt":"2025-09-30T20:37:07","guid":{"rendered":"https:\/\/www.politicosdosuldabahia.com.br\/v1\/?p=193638"},"modified":"2025-09-30T17:37:07","modified_gmt":"2025-09-30T20:37:07","slug":"itacare-festival-de-forro-garante-100-de-ocupacao-hoteleira-e-movimenta-economia-da-cidade","status":"publish","type":"post","link":"https:\/\/www.politicosdosuldabahia.com.br\/v1\/2025\/09\/30\/itacare-festival-de-forro-garante-100-de-ocupacao-hoteleira-e-movimenta-economia-da-cidade\/","title":{"rendered":"ITACAR\u00c9: FESTIVAL DE FORR\u00d3 GARANTE 100% DE OCUPA\u00c7\u00c3O HOTELEIRA E MOVIMENTA ECONOMIA DA CIDADE"},"content":{"rendered":"<p><img loading=\"lazy\" decoding=\"async\" class=\"alignnone size-full wp-image-193639 aligncenter\" src=\"http:\/\/www.politicosdosuldabahia.com.br\/v1\/wp-content\/uploads\/2025\/09\/WhatsApp-Image-2025-09-30-at-15.43.33.jpeg\" alt=\"\" width=\"455\" height=\"341\" srcset=\"https:\/\/www.politicosdosuldabahia.com.br\/v1\/wp-content\/uploads\/2025\/09\/WhatsApp-Image-2025-09-30-at-15.43.33.jpeg 455w, https:\/\/www.politicosdosuldabahia.com.br\/v1\/wp-content\/uploads\/2025\/09\/WhatsApp-Image-2025-09-30-at-15.43.33-300x225.jpeg 300w, https:\/\/www.politicosdosuldabahia.com.br\/v1\/wp-content\/uploads\/2025\/09\/WhatsApp-Image-2025-09-30-at-15.43.33-400x300.jpeg 400w\" sizes=\"(max-width: 455px) 100vw, 455px\" \/><\/p>\n<h4 style=\"text-align: center\"><strong><em>Evento levou milhares de pessoas \u00e0s ruas e consolidou Itacar\u00e9 como destino cultural e tur\u00edstico da Costa do Cacau<\/em><\/strong><\/h4>\n<h3 style=\"text-align: justify\">O Festival de Forr\u00f3 de Itacar\u00e9 registrou 100% de ocupa\u00e7\u00e3o nas redes hoteleiras do Destino Tur\u00edstico, lotando cerca de 7 mil leitos e movimentando bares, restaurantes, lanchonetes, cabanas de praia durante o fim de semana. Realizado entre sexta-feira (26) e domingo (28), o evento, sob curadoria de Targino Gondim, e coordena\u00e7\u00e3o da Secretaria Municipal de Turismo, levou milhares de pessoas \u00e0s ruas e reafirmou sua import\u00e2ncia no calend\u00e1rio cultural da Bahia.<\/h3>\n<h3 style=\"text-align: justify\">\u201cCom o Festival de Forr\u00f3 a gente conseguiu aquecer a economia da cidade, da regi\u00e3o inteira, mostrar a for\u00e7a do forr\u00f3, do p\u00fablico e dos nossos forrozeiros. \u00c9 sempre um prazer e ser muito ser bem recebido nesse destino tur\u00edstico\u201d, disse o forrozeiro e o curador, Targino Gondim.<\/h3>\n<h3 style=\"text-align: justify\">Na sexta-feira, a abertura contou com a Levada da Rural Amarela, que partiu da Rua da Pituba em dire\u00e7\u00e3o ao palco montado na orla. O tradicional Aul\u00e3o de Forr\u00f3 animou moradores e turistas na Pra\u00e7a do Canh\u00e3o. No s\u00e1bado, a Rural, comandada por Marquinhos Caf\u00e9, novamente arrastou uma multid\u00e3o at\u00e9 a orla, onde os shows lotaram a pra\u00e7a at\u00e9 a madrugada. O p\u00fablico dan\u00e7ou ao som de artistas como Rennan Mendes, Sebastian Silva, Targino Gondim, Gel Barbosa, Trio Forr\u00f3 + Eu e Paulo Pootrich.<\/h3>\n<h3 style=\"text-align: justify\">O Secret\u00e1rio de Turismo Marcos Japu, afirmou que o Festival de Forr\u00f3 na sua quinta edi\u00e7\u00e3o, surpreendeu positivamente. Foi um evento que mais uma vez reuniu amantes do forr\u00f3. Um p\u00fablico de turistas brasileiros e estrangeiros. \u00c9 um evento consolidado, mas constru\u00eddo por muitas m\u00e3os. Estamos felizes por conseguirmos entregar mais um grande festival\u201d, disse o secret\u00e1rio.<\/h3>\n<h3 style=\"text-align: justify\">O australiano Jack, que visita Itacar\u00e9 pela segunda vez, falou sobre o Festival de Forr\u00f3. \u201cEstou achando incr\u00edvel! O estilo da m\u00fasica \u00e9 muito legal, um ambiente maravilhoso, todo mundo dan\u00e7ando, estou assistindo e me divertindo muito.\u201d<\/h3>\n<h3 style=\"text-align: justify\">A diretora da ag\u00eancia Itacar\u00e9 Bahia Turismo &amp; Viagens, Kali Sena tamb\u00e9m comemora. \u201cFoi lindo ver o Festival de Forr\u00f3 2025. Um evento muito bem organizado, fora do per\u00edodo de feriados. Deu um pico de crescimento na economia, todo o com\u00e9rcio ficou muito feliz com os resultados.<\/h3>\n<h3 style=\"text-align: justify\">A agenda do domingo encerrou a programa\u00e7\u00e3o com nova edi\u00e7\u00e3o da Levada da Rural e apresenta\u00e7\u00f5es no palco principal. Destaque para o Quinteto Sanf\u00f4nico do Brasil e para a banda Cacau com Leite, al\u00e9m dos shows de Zelela e os Tr\u00eas da Bahia, Ivan Greg, Marquinhos Caf\u00e9, Luana Ingry e Natureza Forr\u00f3 da Bahia.<\/h3>\n<h3 style=\"text-align: justify\">O Prefeito Nego de Saronga comemorou o sucesso do evento, \u201cFestival consolida o calend\u00e1rio de eventos, com fortalecimento da economia, Turismo gerando emprego e renda.\u00a0 Parabenizo todos os envolvidos, mais uma bel\u00edssima entrega\u201d, colocou.<\/h3>\n<h3 style=\"text-align: justify\">Criado em 2018 por Targino Gondim, o Festival de Forr\u00f3 de Itacar\u00e9 j\u00e1 se consolidou como um dos maiores eventos culturais da Costa do Cacau. Al\u00e9m de celebrar a m\u00fasica nordestina fora do per\u00edodo junino, o festival fortalece o turismo regional, unindo m\u00fasica, cultura e hospitalidade em um dos destinos mais procurados do litoral sul baiano.<\/h3>\n<h3 style=\"text-align: justify\">Itacar\u00e9 j\u00e1 planeja para 2026 o evento que ser\u00e1 ainda maior, o secret\u00e1rio de Turismo Marcos Japu, j\u00e1 com autoriza\u00e7\u00e3o do Prefeito Nego de Saronga, est\u00e1 no pr\u00f3ximo m\u00eas de novembro apresentando ao Trade, o calend\u00e1rio de eventos para o pr\u00f3ximo ano.<\/h3>\n","protected":false},"excerpt":{"rendered":"<p>Evento levou milhares de pessoas \u00e0s ruas e consolidou Itacar\u00e9 como destino cultural e tur\u00edstico da Costa do Cacau O Festival de Forr\u00f3 de Itacar\u00e9 registrou 100% de ocupa\u00e7\u00e3o nas redes hoteleiras do Destino Tur\u00edstico, lotando cerca de 7 mil leitos e movimentando bares, restaurantes, lanchonetes, cabanas de praia durante o fim de semana. Realizado [&hellip;]<\/p>\n","protected":false},"author":992,"featured_media":193639,"comment_status":"open","ping_status":"closed","sticky":false,"template":"","format":"standard","meta":{"footnotes":"","_links_to":"","_links_to_target":""},"categories":[3],"tags":[],"class_list":["post-193638","post","type-post","status-publish","format-standard","has-post-thumbnail","hentry","category-cidades"],"views":217,"_links":{"self":[{"href":"https:\/\/www.politicosdosuldabahia.com.br\/v1\/wp-json\/wp\/v2\/posts\/193638"}],"collection":[{"href":"https:\/\/www.politicosdosuldabahia.com.br\/v1\/wp-json\/wp\/v2\/posts"}],"about":[{"href":"https:\/\/www.politicosdosuldabahia.com.br\/v1\/wp-json\/wp\/v2\/types\/post"}],"author":[{"embeddable":true,"href":"https:\/\/www.politicosdosuldabahia.com.br\/v1\/wp-json\/wp\/v2\/users\/992"}],"replies":[{"embeddable":true,"href":"https:\/\/www.politicosdosuldabahia.com.br\/v1\/wp-json\/wp\/v2\/comments?post=193638"}],"version-history":[{"count":1,"href":"https:\/\/www.politicosdosuldabahia.com.br\/v1\/wp-json\/wp\/v2\/posts\/193638\/revisions"}],"predecessor-version":[{"id":193640,"href":"https:\/\/www.politicosdosuldabahia.com.br\/v1\/wp-json\/wp\/v2\/posts\/193638\/revisions\/193640"}],"wp:featuredmedia":[{"embeddable":true,"href":"https:\/\/www.politicosdosuldabahia.com.br\/v1\/wp-json\/wp\/v2\/media\/193639"}],"wp:attachment":[{"href":"https:\/\/www.politicosdosuldabahia.com.br\/v1\/wp-json\/wp\/v2\/media?parent=193638"}],"wp:term":[{"taxonomy":"category","embeddable":true,"href":"https:\/\/www.politicosdosuldabahia.com.br\/v1\/wp-json\/wp\/v2\/categories?post=193638"},{"taxonomy":"post_tag","embeddable":true,"href":"https:\/\/www.politicosdosuldabahia.com.br\/v1\/wp-json\/wp\/v2\/tags?post=193638"}],"curies":[{"name":"wp","href":"https:\/\/api.w.org\/{rel}","templated":true}]}}