
{"id":193634,"date":"2025-09-30T17:34:44","date_gmt":"2025-09-30T20:34:44","guid":{"rendered":"https:\/\/www.politicosdosuldabahia.com.br\/v1\/?p=193634"},"modified":"2025-09-30T17:34:44","modified_gmt":"2025-09-30T20:34:44","slug":"rosemberg-governo-do-estado-sustenta-saude-em-salvador-enquanto-acm-neto-encena-forum","status":"publish","type":"post","link":"https:\/\/www.politicosdosuldabahia.com.br\/v1\/2025\/09\/30\/rosemberg-governo-do-estado-sustenta-saude-em-salvador-enquanto-acm-neto-encena-forum\/","title":{"rendered":"ROSEMBERG: GOVERNO DO ESTADO SUSTENTA SA\u00daDE EM SALVADOR ENQUANTO ACM NETO ENCENA F\u00d3RUM"},"content":{"rendered":"<p><img loading=\"lazy\" decoding=\"async\" class=\"wp-image-193635 aligncenter\" src=\"http:\/\/www.politicosdosuldabahia.com.br\/v1\/wp-content\/uploads\/2025\/09\/WhatsApp-Image-2025-09-30-at-15.56.25.jpeg\" alt=\"\" width=\"455\" height=\"255\" srcset=\"https:\/\/www.politicosdosuldabahia.com.br\/v1\/wp-content\/uploads\/2025\/09\/WhatsApp-Image-2025-09-30-at-15.56.25.jpeg 1290w, https:\/\/www.politicosdosuldabahia.com.br\/v1\/wp-content\/uploads\/2025\/09\/WhatsApp-Image-2025-09-30-at-15.56.25-300x168.jpeg 300w, https:\/\/www.politicosdosuldabahia.com.br\/v1\/wp-content\/uploads\/2025\/09\/WhatsApp-Image-2025-09-30-at-15.56.25-1024x574.jpeg 1024w, https:\/\/www.politicosdosuldabahia.com.br\/v1\/wp-content\/uploads\/2025\/09\/WhatsApp-Image-2025-09-30-at-15.56.25-768x430.jpeg 768w\" sizes=\"(max-width: 455px) 100vw, 455px\" \/><\/p>\n<h3 style=\"text-align: justify\">O deputado estadual Rosemberg Pinto disse hoje que o f\u00f3rum de sa\u00fade promovido por ACM Neto \u201cn\u00e3o passa de encena\u00e7\u00e3o para maquiar uma gest\u00e3o incompetente, sustentada pelo clientelismo e marcada pelo descaso com o povo de Salvador; a sa\u00fade administrada pela prefeitura \u00e9 um caos total&#8221;.<\/h3>\n<h3 style=\"text-align: justify\">De acordo com ele, quem realmente sustenta a sa\u00fade da capital \u00e9 o Governo do Estado, com 39 unidades em funcionamento, mais de R$ 585 milh\u00f5es em investimentos recentes e obras estruturantes em curso. \u201cNeto e Bruno n\u00e3o t\u00eam coragem de mostrar os n\u00fameros, porque eles revelam a verdade: 80% dos pacientes das UPAs municipais terminam nos hospitais estaduais\u201d, afirmou.<\/h3>\n","protected":false},"excerpt":{"rendered":"<p>O deputado estadual Rosemberg Pinto disse hoje que o f\u00f3rum de sa\u00fade promovido por ACM Neto \u201cn\u00e3o passa de encena\u00e7\u00e3o para maquiar uma gest\u00e3o incompetente, sustentada pelo clientelismo e marcada pelo descaso com o povo de Salvador; a sa\u00fade administrada pela prefeitura \u00e9 um caos total&#8221;. De acordo com ele, quem realmente sustenta a sa\u00fade [&hellip;]<\/p>\n","protected":false},"author":992,"featured_media":193635,"comment_status":"open","ping_status":"closed","sticky":false,"template":"","format":"standard","meta":{"footnotes":"","_links_to":"","_links_to_target":""},"categories":[3],"tags":[],"class_list":["post-193634","post","type-post","status-publish","format-standard","has-post-thumbnail","hentry","category-cidades"],"views":202,"_links":{"self":[{"href":"https:\/\/www.politicosdosuldabahia.com.br\/v1\/wp-json\/wp\/v2\/posts\/193634"}],"collection":[{"href":"https:\/\/www.politicosdosuldabahia.com.br\/v1\/wp-json\/wp\/v2\/posts"}],"about":[{"href":"https:\/\/www.politicosdosuldabahia.com.br\/v1\/wp-json\/wp\/v2\/types\/post"}],"author":[{"embeddable":true,"href":"https:\/\/www.politicosdosuldabahia.com.br\/v1\/wp-json\/wp\/v2\/users\/992"}],"replies":[{"embeddable":true,"href":"https:\/\/www.politicosdosuldabahia.com.br\/v1\/wp-json\/wp\/v2\/comments?post=193634"}],"version-history":[{"count":1,"href":"https:\/\/www.politicosdosuldabahia.com.br\/v1\/wp-json\/wp\/v2\/posts\/193634\/revisions"}],"predecessor-version":[{"id":193636,"href":"https:\/\/www.politicosdosuldabahia.com.br\/v1\/wp-json\/wp\/v2\/posts\/193634\/revisions\/193636"}],"wp:featuredmedia":[{"embeddable":true,"href":"https:\/\/www.politicosdosuldabahia.com.br\/v1\/wp-json\/wp\/v2\/media\/193635"}],"wp:attachment":[{"href":"https:\/\/www.politicosdosuldabahia.com.br\/v1\/wp-json\/wp\/v2\/media?parent=193634"}],"wp:term":[{"taxonomy":"category","embeddable":true,"href":"https:\/\/www.politicosdosuldabahia.com.br\/v1\/wp-json\/wp\/v2\/categories?post=193634"},{"taxonomy":"post_tag","embeddable":true,"href":"https:\/\/www.politicosdosuldabahia.com.br\/v1\/wp-json\/wp\/v2\/tags?post=193634"}],"curies":[{"name":"wp","href":"https:\/\/api.w.org\/{rel}","templated":true}]}}