
{"id":193626,"date":"2025-09-30T14:17:12","date_gmt":"2025-09-30T17:17:12","guid":{"rendered":"https:\/\/www.politicosdosuldabahia.com.br\/v1\/?p=193626"},"modified":"2025-09-30T14:17:12","modified_gmt":"2025-09-30T17:17:12","slug":"almadina-prepara-grande-festa-em-homenagem-ao-dia-do-servidor-publico","status":"publish","type":"post","link":"https:\/\/www.politicosdosuldabahia.com.br\/v1\/2025\/09\/30\/almadina-prepara-grande-festa-em-homenagem-ao-dia-do-servidor-publico\/","title":{"rendered":"ALMADINA PREPARA GRANDE FESTA EM HOMENAGEM AO DIA DO SERVIDOR P\u00daBLICO"},"content":{"rendered":"<h3 style=\"text-align: justify\"><img loading=\"lazy\" decoding=\"async\" class=\"size-full wp-image-193627 aligncenter\" src=\"http:\/\/www.politicosdosuldabahia.com.br\/v1\/wp-content\/uploads\/2025\/09\/WhatsApp-Image-2025-09-30-at-12.30.40.jpeg\" alt=\"\" width=\"364\" height=\"455\" srcset=\"https:\/\/www.politicosdosuldabahia.com.br\/v1\/wp-content\/uploads\/2025\/09\/WhatsApp-Image-2025-09-30-at-12.30.40.jpeg 364w, https:\/\/www.politicosdosuldabahia.com.br\/v1\/wp-content\/uploads\/2025\/09\/WhatsApp-Image-2025-09-30-at-12.30.40-240x300.jpeg 240w\" sizes=\"(max-width: 364px) 100vw, 364px\" \/><\/h3>\n<h3 style=\"text-align: justify\">No pr\u00f3ximo s\u00e1bado, 04 de outubro, a cidade de Almadina ser\u00e1 palco de uma programa\u00e7\u00e3o especial em homenagem ao Dia do Servidor P\u00fablico. A partir das 15h, a Pra\u00e7a Bas\u00edlio Oliveira receber\u00e1 servidores, familiares e toda a comunidade para uma tarde de celebra\u00e7\u00e3o, lazer e muita m\u00fasica.<\/h3>\n<h3 style=\"text-align: justify\">A programa\u00e7\u00e3o inclui o tradicional Bingo do Servidor, que promete momentos de descontra\u00e7\u00e3o e intera\u00e7\u00e3o, al\u00e9m de shows com Netinho do Forr\u00f3, Kiko Cigano, Nem Vaqueiro e Juninho Show, garantindo um repert\u00f3rio animado para embalar a festa.<\/h3>\n<h3 style=\"text-align: justify\">De acordo com o prefeito Marciel Pinheiro, a celebra\u00e7\u00e3o \u00e9 uma forma de reconhecer a dedica\u00e7\u00e3o dos servidores municipais.<\/h3>\n<h3 style=\"text-align: justify\">\u201cOs servidores p\u00fablicos s\u00e3o parte fundamental para o desenvolvimento da nossa cidade. Este momento \u00e9 uma justa homenagem a todos que trabalham diariamente para servir ao povo de Almadina\u201d, destacou o gestor.<\/h3>\n<h3 style=\"text-align: justify\">O evento \u00e9 aberto ao p\u00fablico e marca uma iniciativa de valoriza\u00e7\u00e3o do funcionalismo municipal, promovendo integra\u00e7\u00e3o e alegria entre servidores e comunidade.<\/h3>\n","protected":false},"excerpt":{"rendered":"<p>No pr\u00f3ximo s\u00e1bado, 04 de outubro, a cidade de Almadina ser\u00e1 palco de uma programa\u00e7\u00e3o especial em homenagem ao Dia do Servidor P\u00fablico. A partir das 15h, a Pra\u00e7a Bas\u00edlio Oliveira receber\u00e1 servidores, familiares e toda a comunidade para uma tarde de celebra\u00e7\u00e3o, lazer e muita m\u00fasica. A programa\u00e7\u00e3o inclui o tradicional Bingo do Servidor, [&hellip;]<\/p>\n","protected":false},"author":992,"featured_media":193627,"comment_status":"open","ping_status":"closed","sticky":false,"template":"","format":"standard","meta":{"footnotes":"","_links_to":"","_links_to_target":""},"categories":[3],"tags":[],"class_list":["post-193626","post","type-post","status-publish","format-standard","has-post-thumbnail","hentry","category-cidades"],"views":324,"_links":{"self":[{"href":"https:\/\/www.politicosdosuldabahia.com.br\/v1\/wp-json\/wp\/v2\/posts\/193626"}],"collection":[{"href":"https:\/\/www.politicosdosuldabahia.com.br\/v1\/wp-json\/wp\/v2\/posts"}],"about":[{"href":"https:\/\/www.politicosdosuldabahia.com.br\/v1\/wp-json\/wp\/v2\/types\/post"}],"author":[{"embeddable":true,"href":"https:\/\/www.politicosdosuldabahia.com.br\/v1\/wp-json\/wp\/v2\/users\/992"}],"replies":[{"embeddable":true,"href":"https:\/\/www.politicosdosuldabahia.com.br\/v1\/wp-json\/wp\/v2\/comments?post=193626"}],"version-history":[{"count":1,"href":"https:\/\/www.politicosdosuldabahia.com.br\/v1\/wp-json\/wp\/v2\/posts\/193626\/revisions"}],"predecessor-version":[{"id":193628,"href":"https:\/\/www.politicosdosuldabahia.com.br\/v1\/wp-json\/wp\/v2\/posts\/193626\/revisions\/193628"}],"wp:featuredmedia":[{"embeddable":true,"href":"https:\/\/www.politicosdosuldabahia.com.br\/v1\/wp-json\/wp\/v2\/media\/193627"}],"wp:attachment":[{"href":"https:\/\/www.politicosdosuldabahia.com.br\/v1\/wp-json\/wp\/v2\/media?parent=193626"}],"wp:term":[{"taxonomy":"category","embeddable":true,"href":"https:\/\/www.politicosdosuldabahia.com.br\/v1\/wp-json\/wp\/v2\/categories?post=193626"},{"taxonomy":"post_tag","embeddable":true,"href":"https:\/\/www.politicosdosuldabahia.com.br\/v1\/wp-json\/wp\/v2\/tags?post=193626"}],"curies":[{"name":"wp","href":"https:\/\/api.w.org\/{rel}","templated":true}]}}