
{"id":193622,"date":"2025-09-30T14:12:19","date_gmt":"2025-09-30T17:12:19","guid":{"rendered":"https:\/\/www.politicosdosuldabahia.com.br\/v1\/?p=193622"},"modified":"2025-09-30T14:12:19","modified_gmt":"2025-09-30T17:12:19","slug":"ibirataia-prefeitura-apresenta-metas-fiscais-do-2o-quadrimestre-de-2025-em-audiencia-publica","status":"publish","type":"post","link":"https:\/\/www.politicosdosuldabahia.com.br\/v1\/2025\/09\/30\/ibirataia-prefeitura-apresenta-metas-fiscais-do-2o-quadrimestre-de-2025-em-audiencia-publica\/","title":{"rendered":"IBIRATAIA: PREFEITURA APRESENTA METAS FISCAIS DO 2\u00ba QUADRIMESTRE DE 2025 EM AUDI\u00caNCIA P\u00daBLICA"},"content":{"rendered":"<p><img loading=\"lazy\" decoding=\"async\" class=\"alignnone size-full wp-image-193623 aligncenter\" src=\"http:\/\/www.politicosdosuldabahia.com.br\/v1\/wp-content\/uploads\/2025\/09\/WhatsApp-Image-2025-09-30-at-11.00.28.jpeg\" alt=\"\" width=\"455\" height=\"341\" srcset=\"https:\/\/www.politicosdosuldabahia.com.br\/v1\/wp-content\/uploads\/2025\/09\/WhatsApp-Image-2025-09-30-at-11.00.28.jpeg 455w, https:\/\/www.politicosdosuldabahia.com.br\/v1\/wp-content\/uploads\/2025\/09\/WhatsApp-Image-2025-09-30-at-11.00.28-300x225.jpeg 300w, https:\/\/www.politicosdosuldabahia.com.br\/v1\/wp-content\/uploads\/2025\/09\/WhatsApp-Image-2025-09-30-at-11.00.28-400x300.jpeg 400w\" sizes=\"(max-width: 455px) 100vw, 455px\" \/><\/p>\n<h4 style=\"text-align: center\"><em><strong>Evento realizado na C\u00e2mara Municipal refor\u00e7ou transpar\u00eancia e participa\u00e7\u00e3o cidad\u00e3 na gest\u00e3o dos recursos p\u00fablicos<\/strong><\/em><\/h4>\n<h3 style=\"text-align: justify\">A Prefeitura Municipal de Ibirataia, por meio da Secretaria Municipal de Planejamento, Or\u00e7amento e Gest\u00e3o, realizou na manh\u00e3 da \u00faltima ter\u00e7a-feira, 30 de setembro de 2025, uma audi\u00eancia p\u00fablica para a demonstra\u00e7\u00e3o e avalia\u00e7\u00e3o do cumprimento das metas fiscais referentes ao segundo quadrimestre deste ano.<\/h3>\n<h3 style=\"text-align: justify\">O encontro ocorreu \u00e0s 9h, na C\u00e2mara Municipal de Ibirataia, e teve como principal objetivo prestar contas \u00e0 popula\u00e7\u00e3o, garantindo a transpar\u00eancia da gest\u00e3o fiscal do munic\u00edpio, conforme determina o \u00a74\u00ba do Art. 9\u00ba da Lei Complementar n\u00ba 101\/2000, conhecida como Lei de Responsabilidade Fiscal (LRF).<\/h3>\n<h3 style=\"text-align: justify\">Durante a audi\u00eancia, foram apresentados os principais dados sobre arrecada\u00e7\u00e3o, despesas, investimentos e aplica\u00e7\u00e3o dos recursos p\u00fablicos, al\u00e9m do desempenho or\u00e7ament\u00e1rio do munic\u00edpio nos meses de maio, junho, julho e agosto de 2025. T\u00e9cnicos da Secretaria de Planejamento detalharam os n\u00fameros e esclareceram d\u00favidas dos presentes, promovendo um ambiente de di\u00e1logo aberto com a sociedade civil.<\/h3>\n<h3 style=\"text-align: justify\">A secret\u00e1ria de Planejamento, Or\u00e7amento e Gest\u00e3o destacou a import\u00e2ncia desse tipo de encontro:<\/h3>\n<h3 style=\"text-align: justify\">\u201cA audi\u00eancia p\u00fablica \u00e9 um momento essencial para refor\u00e7ar o compromisso da gest\u00e3o com a transpar\u00eancia e o uso respons\u00e1vel dos recursos. Tamb\u00e9m \u00e9 uma oportunidade para a popula\u00e7\u00e3o acompanhar de perto como o dinheiro p\u00fablico est\u00e1 sendo aplicado\u201d.<\/h3>\n<h3 style=\"text-align: justify\">Al\u00e9m de representantes da administra\u00e7\u00e3o municipal, o evento contou com a presen\u00e7a de vereadores, lideran\u00e7as comunit\u00e1rias, servidores p\u00fablicos e cidad\u00e3os interessados no acompanhamento das finan\u00e7as do munic\u00edpio.<\/h3>\n<h3 style=\"text-align: justify\">A iniciativa refor\u00e7a o princ\u00edpio da gest\u00e3o participativa e o direito da sociedade de fiscalizar o uso dos recursos p\u00fablicos, garantindo que as a\u00e7\u00f5es do governo municipal estejam alinhadas com os interesses coletivos.<\/h3>\n","protected":false},"excerpt":{"rendered":"<p>Evento realizado na C\u00e2mara Municipal refor\u00e7ou transpar\u00eancia e participa\u00e7\u00e3o cidad\u00e3 na gest\u00e3o dos recursos p\u00fablicos A Prefeitura Municipal de Ibirataia, por meio da Secretaria Municipal de Planejamento, Or\u00e7amento e Gest\u00e3o, realizou na manh\u00e3 da \u00faltima ter\u00e7a-feira, 30 de setembro de 2025, uma audi\u00eancia p\u00fablica para a demonstra\u00e7\u00e3o e avalia\u00e7\u00e3o do cumprimento das metas fiscais referentes [&hellip;]<\/p>\n","protected":false},"author":992,"featured_media":193623,"comment_status":"open","ping_status":"closed","sticky":false,"template":"","format":"standard","meta":{"footnotes":"","_links_to":"","_links_to_target":""},"categories":[3],"tags":[],"class_list":["post-193622","post","type-post","status-publish","format-standard","has-post-thumbnail","hentry","category-cidades"],"views":173,"_links":{"self":[{"href":"https:\/\/www.politicosdosuldabahia.com.br\/v1\/wp-json\/wp\/v2\/posts\/193622"}],"collection":[{"href":"https:\/\/www.politicosdosuldabahia.com.br\/v1\/wp-json\/wp\/v2\/posts"}],"about":[{"href":"https:\/\/www.politicosdosuldabahia.com.br\/v1\/wp-json\/wp\/v2\/types\/post"}],"author":[{"embeddable":true,"href":"https:\/\/www.politicosdosuldabahia.com.br\/v1\/wp-json\/wp\/v2\/users\/992"}],"replies":[{"embeddable":true,"href":"https:\/\/www.politicosdosuldabahia.com.br\/v1\/wp-json\/wp\/v2\/comments?post=193622"}],"version-history":[{"count":1,"href":"https:\/\/www.politicosdosuldabahia.com.br\/v1\/wp-json\/wp\/v2\/posts\/193622\/revisions"}],"predecessor-version":[{"id":193624,"href":"https:\/\/www.politicosdosuldabahia.com.br\/v1\/wp-json\/wp\/v2\/posts\/193622\/revisions\/193624"}],"wp:featuredmedia":[{"embeddable":true,"href":"https:\/\/www.politicosdosuldabahia.com.br\/v1\/wp-json\/wp\/v2\/media\/193623"}],"wp:attachment":[{"href":"https:\/\/www.politicosdosuldabahia.com.br\/v1\/wp-json\/wp\/v2\/media?parent=193622"}],"wp:term":[{"taxonomy":"category","embeddable":true,"href":"https:\/\/www.politicosdosuldabahia.com.br\/v1\/wp-json\/wp\/v2\/categories?post=193622"},{"taxonomy":"post_tag","embeddable":true,"href":"https:\/\/www.politicosdosuldabahia.com.br\/v1\/wp-json\/wp\/v2\/tags?post=193622"}],"curies":[{"name":"wp","href":"https:\/\/api.w.org\/{rel}","templated":true}]}}