
{"id":193615,"date":"2025-09-30T09:46:32","date_gmt":"2025-09-30T12:46:32","guid":{"rendered":"https:\/\/www.politicosdosuldabahia.com.br\/v1\/?p=193615"},"modified":"2025-09-30T09:46:32","modified_gmt":"2025-09-30T12:46:32","slug":"eunapolis-prefeitura-inicia-pagamento-antecipado-dos-salarios-de-setembro-e-injeta-r-22-milhoes-na-economia-local","status":"publish","type":"post","link":"https:\/\/www.politicosdosuldabahia.com.br\/v1\/2025\/09\/30\/eunapolis-prefeitura-inicia-pagamento-antecipado-dos-salarios-de-setembro-e-injeta-r-22-milhoes-na-economia-local\/","title":{"rendered":"EUN\u00c1POLIS: PREFEITURA \u00a0INICIA PAGAMENTO ANTECIPADO DOS SAL\u00c1RIOS DE SETEMBRO E INJETA R$ 22 MILH\u00d5ES NA ECONOMIA LOCAL"},"content":{"rendered":"<h3><img loading=\"lazy\" decoding=\"async\" class=\"size-full wp-image-193616 aligncenter\" src=\"http:\/\/www.politicosdosuldabahia.com.br\/v1\/wp-content\/uploads\/2025\/09\/ta-na-conta-card.jpeg\" alt=\"\" width=\"255\" height=\"455\" srcset=\"https:\/\/www.politicosdosuldabahia.com.br\/v1\/wp-content\/uploads\/2025\/09\/ta-na-conta-card.jpeg 255w, https:\/\/www.politicosdosuldabahia.com.br\/v1\/wp-content\/uploads\/2025\/09\/ta-na-conta-card-168x300.jpeg 168w\" sizes=\"(max-width: 255px) 100vw, 255px\" \/><\/p>\n<p>A Prefeitura de Eun\u00e1polis come\u00e7ou nesta segunda-feira (29) o pagamento dos sal\u00e1rios dos servidores p\u00fablicos municipais, referente ao m\u00eas de setembro. A medida refor\u00e7a o compromisso da gest\u00e3o com a valoriza\u00e7\u00e3o dos servidores e a pontualidade no cumprimento das obriga\u00e7\u00f5es trabalhistas. Os pagamentos ser\u00e3o conclu\u00eddos nesta ter\u00e7a-feira(30).<\/p>\n<p>Com a folha de pagamento, mais de R$ 22 milh\u00f5es est\u00e3o sendo injetados diretamente na economia local, fortalecendo o com\u00e9rcio, os servi\u00e7os e diversos setores produtivos da cidade. O sal\u00e1rio em dia representa n\u00e3o apenas seguran\u00e7a financeira para os servidores e suas fam\u00edlias, mas tamb\u00e9m um importante fator de movimenta\u00e7\u00e3o da economia municipal.<\/p>\n<p>\u201cManter os sal\u00e1rios em dia e pagos de forma antecipada \u00e9 uma das prioridades da nossa gest\u00e3o. Al\u00e9m de garantir dignidade aos nossos servidores, sabemos que esse recurso circula no com\u00e9rcio local, gerando emprego, renda e desenvolvimento para Eun\u00e1polis\u201d, destacou o prefeito Rob\u00e9rio Oliveira.<\/p>\n<p>A pontualidade no pagamento tamb\u00e9m refor\u00e7a a credibilidade da administra\u00e7\u00e3o municipal junto aos servidores, ao mesmo tempo em que contribui para o planejamento financeiro e a estabilidade das fam\u00edlias eunapolitanas.<\/h3>\n","protected":false},"excerpt":{"rendered":"<p>A Prefeitura de Eun\u00e1polis come\u00e7ou nesta segunda-feira (29) o pagamento dos sal\u00e1rios dos servidores p\u00fablicos municipais, referente ao m\u00eas de setembro. A medida refor\u00e7a o compromisso da gest\u00e3o com a valoriza\u00e7\u00e3o dos servidores e a pontualidade no cumprimento das obriga\u00e7\u00f5es trabalhistas. Os pagamentos ser\u00e3o conclu\u00eddos nesta ter\u00e7a-feira(30). Com a folha de pagamento, mais de R$ [&hellip;]<\/p>\n","protected":false},"author":992,"featured_media":193616,"comment_status":"open","ping_status":"closed","sticky":false,"template":"","format":"standard","meta":{"footnotes":"","_links_to":"","_links_to_target":""},"categories":[3],"tags":[],"class_list":["post-193615","post","type-post","status-publish","format-standard","has-post-thumbnail","hentry","category-cidades"],"views":157,"_links":{"self":[{"href":"https:\/\/www.politicosdosuldabahia.com.br\/v1\/wp-json\/wp\/v2\/posts\/193615"}],"collection":[{"href":"https:\/\/www.politicosdosuldabahia.com.br\/v1\/wp-json\/wp\/v2\/posts"}],"about":[{"href":"https:\/\/www.politicosdosuldabahia.com.br\/v1\/wp-json\/wp\/v2\/types\/post"}],"author":[{"embeddable":true,"href":"https:\/\/www.politicosdosuldabahia.com.br\/v1\/wp-json\/wp\/v2\/users\/992"}],"replies":[{"embeddable":true,"href":"https:\/\/www.politicosdosuldabahia.com.br\/v1\/wp-json\/wp\/v2\/comments?post=193615"}],"version-history":[{"count":1,"href":"https:\/\/www.politicosdosuldabahia.com.br\/v1\/wp-json\/wp\/v2\/posts\/193615\/revisions"}],"predecessor-version":[{"id":193617,"href":"https:\/\/www.politicosdosuldabahia.com.br\/v1\/wp-json\/wp\/v2\/posts\/193615\/revisions\/193617"}],"wp:featuredmedia":[{"embeddable":true,"href":"https:\/\/www.politicosdosuldabahia.com.br\/v1\/wp-json\/wp\/v2\/media\/193616"}],"wp:attachment":[{"href":"https:\/\/www.politicosdosuldabahia.com.br\/v1\/wp-json\/wp\/v2\/media?parent=193615"}],"wp:term":[{"taxonomy":"category","embeddable":true,"href":"https:\/\/www.politicosdosuldabahia.com.br\/v1\/wp-json\/wp\/v2\/categories?post=193615"},{"taxonomy":"post_tag","embeddable":true,"href":"https:\/\/www.politicosdosuldabahia.com.br\/v1\/wp-json\/wp\/v2\/tags?post=193615"}],"curies":[{"name":"wp","href":"https:\/\/api.w.org\/{rel}","templated":true}]}}