
{"id":193608,"date":"2025-09-30T09:39:12","date_gmt":"2025-09-30T12:39:12","guid":{"rendered":"https:\/\/www.politicosdosuldabahia.com.br\/v1\/?p=193608"},"modified":"2025-09-30T09:39:12","modified_gmt":"2025-09-30T12:39:12","slug":"ibirapitanga-prefeitura-leva-saude-em-movimento-e-inaugura-unidade-odontologica-movel-na-regiao-da-quaresma","status":"publish","type":"post","link":"https:\/\/www.politicosdosuldabahia.com.br\/v1\/2025\/09\/30\/ibirapitanga-prefeitura-leva-saude-em-movimento-e-inaugura-unidade-odontologica-movel-na-regiao-da-quaresma\/","title":{"rendered":"IBIRAPITANGA: PREFEITURA LEVA SA\u00daDE EM MOVIMENTO E INAUGURA UNIDADE ODONTOL\u00d3GICA M\u00d3VEL NA REGI\u00c3O DA QUARESMA"},"content":{"rendered":"<p><img loading=\"lazy\" decoding=\"async\" class=\"alignnone size-full wp-image-193609 aligncenter\" src=\"http:\/\/www.politicosdosuldabahia.com.br\/v1\/wp-content\/uploads\/2025\/09\/WhatsApp-Image-2025-09-29-at-19.00.59.jpeg\" alt=\"\" width=\"455\" height=\"285\" srcset=\"https:\/\/www.politicosdosuldabahia.com.br\/v1\/wp-content\/uploads\/2025\/09\/WhatsApp-Image-2025-09-29-at-19.00.59.jpeg 455w, https:\/\/www.politicosdosuldabahia.com.br\/v1\/wp-content\/uploads\/2025\/09\/WhatsApp-Image-2025-09-29-at-19.00.59-300x188.jpeg 300w\" sizes=\"(max-width: 455px) 100vw, 455px\" \/><\/p>\n<h3 style=\"text-align: justify\">A Prefeitura de Ibirapitanga, por meio da Secretaria Municipal de Sa\u00fade, realiza nesta quinta-feira (2), mais uma edi\u00e7\u00e3o do programa Sa\u00fade em Movimento, na Escola Municipal da Quaresma, a partir das 8h. A a\u00e7\u00e3o tem como destaque a inaugura\u00e7\u00e3o da Unidade Odontol\u00f3gica M\u00f3vel, um novo equipamento que permitir\u00e1 ampliar o acesso aos servi\u00e7os odontol\u00f3gicos nas comunidades mais distantes da sede.<\/h3>\n<h3 style=\"text-align: justify\">Com uma estrutura completa e equipe multiprofissional formada por m\u00e9dicos, dentistas, enfermeiros e t\u00e9cnicos, o evento vai oferecer diversos atendimentos, garantindo \u00e0 popula\u00e7\u00e3o os mesmos servi\u00e7os dispon\u00edveis em uma unidade b\u00e1sica de sa\u00fade.<\/h3>\n<h3 style=\"text-align: justify\">Entre os procedimentos, ser\u00e3o realizados atendimentos m\u00e9dicos adultos e pedi\u00e1tricos, coleta de preventivo, avalia\u00e7\u00e3o das mamas, triagem para laqueadura, vasectomia e outras cirurgias, al\u00e9m de testes r\u00e1pidos, vacina\u00e7\u00e3o e atualiza\u00e7\u00e3o do Cart\u00e3o SUS. A comunidade tamb\u00e9m poder\u00e1 contar com a presen\u00e7a da equipe do Programa Sa\u00fade na Escola, orienta\u00e7\u00f5es de primeiros socorros com o SAMU e pesagem para benefici\u00e1rios do Bolsa Fam\u00edlia.<\/h3>\n<h3 style=\"text-align: justify\">Para participar, \u00e9 necess\u00e1rio levar um documento de identifica\u00e7\u00e3o com foto.<\/h3>\n","protected":false},"excerpt":{"rendered":"<p>A Prefeitura de Ibirapitanga, por meio da Secretaria Municipal de Sa\u00fade, realiza nesta quinta-feira (2), mais uma edi\u00e7\u00e3o do programa Sa\u00fade em Movimento, na Escola Municipal da Quaresma, a partir das 8h. A a\u00e7\u00e3o tem como destaque a inaugura\u00e7\u00e3o da Unidade Odontol\u00f3gica M\u00f3vel, um novo equipamento que permitir\u00e1 ampliar o acesso aos servi\u00e7os odontol\u00f3gicos nas [&hellip;]<\/p>\n","protected":false},"author":992,"featured_media":193609,"comment_status":"open","ping_status":"closed","sticky":false,"template":"","format":"standard","meta":{"footnotes":"","_links_to":"","_links_to_target":""},"categories":[3],"tags":[],"class_list":["post-193608","post","type-post","status-publish","format-standard","has-post-thumbnail","hentry","category-cidades"],"views":174,"_links":{"self":[{"href":"https:\/\/www.politicosdosuldabahia.com.br\/v1\/wp-json\/wp\/v2\/posts\/193608"}],"collection":[{"href":"https:\/\/www.politicosdosuldabahia.com.br\/v1\/wp-json\/wp\/v2\/posts"}],"about":[{"href":"https:\/\/www.politicosdosuldabahia.com.br\/v1\/wp-json\/wp\/v2\/types\/post"}],"author":[{"embeddable":true,"href":"https:\/\/www.politicosdosuldabahia.com.br\/v1\/wp-json\/wp\/v2\/users\/992"}],"replies":[{"embeddable":true,"href":"https:\/\/www.politicosdosuldabahia.com.br\/v1\/wp-json\/wp\/v2\/comments?post=193608"}],"version-history":[{"count":1,"href":"https:\/\/www.politicosdosuldabahia.com.br\/v1\/wp-json\/wp\/v2\/posts\/193608\/revisions"}],"predecessor-version":[{"id":193610,"href":"https:\/\/www.politicosdosuldabahia.com.br\/v1\/wp-json\/wp\/v2\/posts\/193608\/revisions\/193610"}],"wp:featuredmedia":[{"embeddable":true,"href":"https:\/\/www.politicosdosuldabahia.com.br\/v1\/wp-json\/wp\/v2\/media\/193609"}],"wp:attachment":[{"href":"https:\/\/www.politicosdosuldabahia.com.br\/v1\/wp-json\/wp\/v2\/media?parent=193608"}],"wp:term":[{"taxonomy":"category","embeddable":true,"href":"https:\/\/www.politicosdosuldabahia.com.br\/v1\/wp-json\/wp\/v2\/categories?post=193608"},{"taxonomy":"post_tag","embeddable":true,"href":"https:\/\/www.politicosdosuldabahia.com.br\/v1\/wp-json\/wp\/v2\/tags?post=193608"}],"curies":[{"name":"wp","href":"https:\/\/api.w.org\/{rel}","templated":true}]}}