
{"id":193605,"date":"2025-09-30T09:33:09","date_gmt":"2025-09-30T12:33:09","guid":{"rendered":"https:\/\/www.politicosdosuldabahia.com.br\/v1\/?p=193605"},"modified":"2025-09-30T09:33:09","modified_gmt":"2025-09-30T12:33:09","slug":"itaju-do-colonia-celebra-inauguracao-oficial-do-banco-sicoob-um-sonho-realizado","status":"publish","type":"post","link":"https:\/\/www.politicosdosuldabahia.com.br\/v1\/2025\/09\/30\/itaju-do-colonia-celebra-inauguracao-oficial-do-banco-sicoob-um-sonho-realizado\/","title":{"rendered":"ITAJU DO COL\u00d4NIA CELEBRA INAUGURA\u00c7\u00c3O OFICIAL DO BANCO SICOOB: UM SONHO REALIZADO"},"content":{"rendered":"<p><img loading=\"lazy\" decoding=\"async\" class=\"size-full wp-image-193606 aligncenter\" src=\"http:\/\/www.politicosdosuldabahia.com.br\/v1\/wp-content\/uploads\/2025\/09\/WhatsApp-Image-2025-09-29-at-19.53.06.jpeg\" alt=\"\" width=\"381\" height=\"455\" srcset=\"https:\/\/www.politicosdosuldabahia.com.br\/v1\/wp-content\/uploads\/2025\/09\/WhatsApp-Image-2025-09-29-at-19.53.06.jpeg 381w, https:\/\/www.politicosdosuldabahia.com.br\/v1\/wp-content\/uploads\/2025\/09\/WhatsApp-Image-2025-09-29-at-19.53.06-251x300.jpeg 251w\" sizes=\"(max-width: 381px) 100vw, 381px\" \/><\/p>\n<h3 style=\"text-align: justify\">Itaju do Col\u00f4nia viveu hoje um momento hist\u00f3rico com a inaugura\u00e7\u00e3o oficial da ag\u00eancia do Banco Sicoob, um marco para a economia e para o futuro do munic\u00edpio.<\/h3>\n<h3 style=\"text-align: justify\">O prefeito Elder Fontes, principal entusiasta e articulador dessa conquista, esteve presente ao lado de vereadores, secret\u00e1rios municipais, dire\u00e7\u00e3o do Sicoob, comerciantes e da comunidade local, que compareceram em peso para celebrar essa vit\u00f3ria coletiva.<\/h3>\n<h3 style=\"text-align: justify\">A chegada do banco representa muito mais do que a instala\u00e7\u00e3o de uma institui\u00e7\u00e3o financeira: \u00e9 a concretiza\u00e7\u00e3o de um sonho antigo da popula\u00e7\u00e3o, que agora ter\u00e1 mais acesso a cr\u00e9dito, investimentos e servi\u00e7os banc\u00e1rios, fortalecendo o com\u00e9rcio e gerando novas oportunidades.<\/h3>\n<h3 style=\"text-align: justify\">Al\u00e9m de grande conquista econ\u00f4mica, a inaugura\u00e7\u00e3o tamb\u00e9m simboliza mais um compromisso de campanha cumprido pelo gestor, que segue transformando promessas em realidade.<\/h3>\n<h3 style=\"text-align: justify\">\u201cFoi um grande desafio, mas cumprimos com o que combinamos com a nossa popula\u00e7\u00e3o. Temos agora uma ag\u00eancia banc\u00e1ria, que atender\u00e1 a todos, sem nenhum distin\u00e7\u00e3o\u201d, comemorou o prefeito Elder Fontes.<\/h3>\n<h3 style=\"text-align: justify\">Com esta realiza\u00e7\u00e3o, Itaju do Col\u00f4nia reafirma que est\u00e1 no caminho certo do desenvolvimento, da confian\u00e7a e do progresso.<\/h3>\n","protected":false},"excerpt":{"rendered":"<p>Itaju do Col\u00f4nia viveu hoje um momento hist\u00f3rico com a inaugura\u00e7\u00e3o oficial da ag\u00eancia do Banco Sicoob, um marco para a economia e para o futuro do munic\u00edpio. O prefeito Elder Fontes, principal entusiasta e articulador dessa conquista, esteve presente ao lado de vereadores, secret\u00e1rios municipais, dire\u00e7\u00e3o do Sicoob, comerciantes e da comunidade local, que [&hellip;]<\/p>\n","protected":false},"author":992,"featured_media":193606,"comment_status":"open","ping_status":"closed","sticky":false,"template":"","format":"standard","meta":{"footnotes":"","_links_to":"","_links_to_target":""},"categories":[3],"tags":[],"class_list":["post-193605","post","type-post","status-publish","format-standard","has-post-thumbnail","hentry","category-cidades"],"views":269,"_links":{"self":[{"href":"https:\/\/www.politicosdosuldabahia.com.br\/v1\/wp-json\/wp\/v2\/posts\/193605"}],"collection":[{"href":"https:\/\/www.politicosdosuldabahia.com.br\/v1\/wp-json\/wp\/v2\/posts"}],"about":[{"href":"https:\/\/www.politicosdosuldabahia.com.br\/v1\/wp-json\/wp\/v2\/types\/post"}],"author":[{"embeddable":true,"href":"https:\/\/www.politicosdosuldabahia.com.br\/v1\/wp-json\/wp\/v2\/users\/992"}],"replies":[{"embeddable":true,"href":"https:\/\/www.politicosdosuldabahia.com.br\/v1\/wp-json\/wp\/v2\/comments?post=193605"}],"version-history":[{"count":1,"href":"https:\/\/www.politicosdosuldabahia.com.br\/v1\/wp-json\/wp\/v2\/posts\/193605\/revisions"}],"predecessor-version":[{"id":193607,"href":"https:\/\/www.politicosdosuldabahia.com.br\/v1\/wp-json\/wp\/v2\/posts\/193605\/revisions\/193607"}],"wp:featuredmedia":[{"embeddable":true,"href":"https:\/\/www.politicosdosuldabahia.com.br\/v1\/wp-json\/wp\/v2\/media\/193606"}],"wp:attachment":[{"href":"https:\/\/www.politicosdosuldabahia.com.br\/v1\/wp-json\/wp\/v2\/media?parent=193605"}],"wp:term":[{"taxonomy":"category","embeddable":true,"href":"https:\/\/www.politicosdosuldabahia.com.br\/v1\/wp-json\/wp\/v2\/categories?post=193605"},{"taxonomy":"post_tag","embeddable":true,"href":"https:\/\/www.politicosdosuldabahia.com.br\/v1\/wp-json\/wp\/v2\/tags?post=193605"}],"curies":[{"name":"wp","href":"https:\/\/api.w.org\/{rel}","templated":true}]}}