
{"id":193593,"date":"2025-09-29T17:28:20","date_gmt":"2025-09-29T20:28:20","guid":{"rendered":"https:\/\/www.politicosdosuldabahia.com.br\/v1\/?p=193593"},"modified":"2025-09-29T17:28:20","modified_gmt":"2025-09-29T20:28:20","slug":"porto-seguro-presente-na-fit-2025-com-estande-proprio-na-argentina","status":"publish","type":"post","link":"https:\/\/www.politicosdosuldabahia.com.br\/v1\/2025\/09\/29\/porto-seguro-presente-na-fit-2025-com-estande-proprio-na-argentina\/","title":{"rendered":"PORTO SEGURO PRESENTE NA FIT 2025 COM ESTANDE PR\u00d3PRIO, NA ARGENTINA"},"content":{"rendered":"<p><img loading=\"lazy\" decoding=\"async\" class=\"alignnone size-full wp-image-193594 aligncenter\" src=\"http:\/\/www.politicosdosuldabahia.com.br\/v1\/wp-content\/uploads\/2025\/09\/WhatsApp-Image-2025-09-29-at-12.43.40.jpeg\" alt=\"\" width=\"455\" height=\"341\" srcset=\"https:\/\/www.politicosdosuldabahia.com.br\/v1\/wp-content\/uploads\/2025\/09\/WhatsApp-Image-2025-09-29-at-12.43.40.jpeg 455w, https:\/\/www.politicosdosuldabahia.com.br\/v1\/wp-content\/uploads\/2025\/09\/WhatsApp-Image-2025-09-29-at-12.43.40-300x225.jpeg 300w, https:\/\/www.politicosdosuldabahia.com.br\/v1\/wp-content\/uploads\/2025\/09\/WhatsApp-Image-2025-09-29-at-12.43.40-400x300.jpeg 400w\" sizes=\"(max-width: 455px) 100vw, 455px\" \/><\/p>\n<h3 style=\"text-align: justify\">Porto Seguro est\u00e1 participando da FIT Am\u00e9rica Latina 2025, realizada em Buenos Aires entre os dias 27 e 30 de setembro, com uma presen\u00e7a estruturada e estrat\u00e9gica. O munic\u00edpio marca sua participa\u00e7\u00e3o com um estande pr\u00f3prio, tem\u00e1tico e acolhedor, que destaca os principais atrativos tur\u00edsticos, culturais e hist\u00f3ricos da Terra M\u00e3e do Brasil.<\/h3>\n<h3 style=\"text-align: justify\">A a\u00e7\u00e3o refor\u00e7a o posicionamento de Porto Seguro como um destino diversificado, com ofertas que abrangem turismo de natureza, experi\u00eancias culturais junto \u00e0s comunidades ind\u00edgenas patax\u00f3s, gastronomia, bem-estar, casamentos \u00e0 beira-mar e eventos. Durante a feira, tamb\u00e9m foi apresentada a programa\u00e7\u00e3o oficial do R\u00e9veillon, que inclui uma s\u00e9rie de eventos promovidos pela Prefeitura e cerca de 14 festas particulares em Arraial d\u2019Ajuda, Trancoso, Cara\u00edva e Orla Norte.<\/h3>\n<h3 style=\"text-align: justify\">Como resultado direto das articula\u00e7\u00f5es na feira, Porto Seguro anunciou a conquista de um novo voo fretado da Argentina, em parceria com a operadora Multi Travel. A nova conex\u00e3o amplia o fluxo de turistas argentinos, um dos p\u00fablicos internacionais mais relevantes para o destino, e refor\u00e7a a retomada do mercado sul-americano.<\/h3>\n<h3 style=\"text-align: justify\">Coordenada pelo secret\u00e1rio de Turismo, Guto Jones e pelo ajunto, Alexandre Fonseca, a comitiva re\u00fane 35 empresas do trade tur\u00edstico local, com agendas de reuni\u00f5es e atendimentos ao p\u00fablico durante os quatro dias do evento. O estande, localizado em frente ao espa\u00e7o da Embratur, tem registrado encontros estrat\u00e9gicos com operadores e agentes de viagens interessados em expandir neg\u00f3cios com o destino.<\/h3>\n<h3 style=\"text-align: justify\">Segundo o secret\u00e1rio Guto Jones, o retorno j\u00e1 \u00e9 positivo. \u201cLogo no primeiro dia, em 27 de setembro, j\u00e1 participamos ativamente de encontros e parcerias de grande relev\u00e2ncia, a exemplo de mais um frete conquistado junto \u00e0 operadora Multi Travel. A agenda de reuni\u00f5es est\u00e1 recheada de compromissos com importantes atores do segmento, o que comprova o sucesso da nossa presen\u00e7a e a for\u00e7a do destino no mercado argentino\u201d, destacou.<\/h3>\n","protected":false},"excerpt":{"rendered":"<p>Porto Seguro est\u00e1 participando da FIT Am\u00e9rica Latina 2025, realizada em Buenos Aires entre os dias 27 e 30 de setembro, com uma presen\u00e7a estruturada e estrat\u00e9gica. O munic\u00edpio marca sua participa\u00e7\u00e3o com um estande pr\u00f3prio, tem\u00e1tico e acolhedor, que destaca os principais atrativos tur\u00edsticos, culturais e hist\u00f3ricos da Terra M\u00e3e do Brasil. A a\u00e7\u00e3o [&hellip;]<\/p>\n","protected":false},"author":992,"featured_media":193594,"comment_status":"open","ping_status":"closed","sticky":false,"template":"","format":"standard","meta":{"footnotes":"","_links_to":"","_links_to_target":""},"categories":[3],"tags":[],"class_list":["post-193593","post","type-post","status-publish","format-standard","has-post-thumbnail","hentry","category-cidades"],"views":206,"_links":{"self":[{"href":"https:\/\/www.politicosdosuldabahia.com.br\/v1\/wp-json\/wp\/v2\/posts\/193593"}],"collection":[{"href":"https:\/\/www.politicosdosuldabahia.com.br\/v1\/wp-json\/wp\/v2\/posts"}],"about":[{"href":"https:\/\/www.politicosdosuldabahia.com.br\/v1\/wp-json\/wp\/v2\/types\/post"}],"author":[{"embeddable":true,"href":"https:\/\/www.politicosdosuldabahia.com.br\/v1\/wp-json\/wp\/v2\/users\/992"}],"replies":[{"embeddable":true,"href":"https:\/\/www.politicosdosuldabahia.com.br\/v1\/wp-json\/wp\/v2\/comments?post=193593"}],"version-history":[{"count":1,"href":"https:\/\/www.politicosdosuldabahia.com.br\/v1\/wp-json\/wp\/v2\/posts\/193593\/revisions"}],"predecessor-version":[{"id":193595,"href":"https:\/\/www.politicosdosuldabahia.com.br\/v1\/wp-json\/wp\/v2\/posts\/193593\/revisions\/193595"}],"wp:featuredmedia":[{"embeddable":true,"href":"https:\/\/www.politicosdosuldabahia.com.br\/v1\/wp-json\/wp\/v2\/media\/193594"}],"wp:attachment":[{"href":"https:\/\/www.politicosdosuldabahia.com.br\/v1\/wp-json\/wp\/v2\/media?parent=193593"}],"wp:term":[{"taxonomy":"category","embeddable":true,"href":"https:\/\/www.politicosdosuldabahia.com.br\/v1\/wp-json\/wp\/v2\/categories?post=193593"},{"taxonomy":"post_tag","embeddable":true,"href":"https:\/\/www.politicosdosuldabahia.com.br\/v1\/wp-json\/wp\/v2\/tags?post=193593"}],"curies":[{"name":"wp","href":"https:\/\/api.w.org\/{rel}","templated":true}]}}