
{"id":193590,"date":"2025-09-29T17:21:57","date_gmt":"2025-09-29T20:21:57","guid":{"rendered":"https:\/\/www.politicosdosuldabahia.com.br\/v1\/?p=193590"},"modified":"2025-09-29T22:33:57","modified_gmt":"2025-09-30T01:33:57","slug":"pau-brasil-prefeito-robson-venancio-discute-federalizacao-da-br-251-em-reuniao-com-o-dnit","status":"publish","type":"post","link":"https:\/\/www.politicosdosuldabahia.com.br\/v1\/2025\/09\/29\/pau-brasil-prefeito-robson-venancio-discute-federalizacao-da-br-251-em-reuniao-com-o-dnit\/","title":{"rendered":"PAU BRASIL: PREFEITO ROBSON VEN\u00c2NCIO DISCUTE FEDERALIZA\u00c7\u00c3O DA BR-251 EM REUNI\u00c3O COM O DNIT"},"content":{"rendered":"<p><img loading=\"lazy\" decoding=\"async\" class=\"alignnone size-full wp-image-193591 aligncenter\" src=\"http:\/\/www.politicosdosuldabahia.com.br\/v1\/wp-content\/uploads\/2025\/09\/WhatsApp-Image-2025-09-29-at-17.14.45.jpeg\" alt=\"\" width=\"455\" height=\"255\" srcset=\"https:\/\/www.politicosdosuldabahia.com.br\/v1\/wp-content\/uploads\/2025\/09\/WhatsApp-Image-2025-09-29-at-17.14.45.jpeg 455w, https:\/\/www.politicosdosuldabahia.com.br\/v1\/wp-content\/uploads\/2025\/09\/WhatsApp-Image-2025-09-29-at-17.14.45-300x168.jpeg 300w\" sizes=\"(max-width: 455px) 100vw, 455px\" \/><\/p>\n<p>&nbsp;<\/p>\n<h3 style=\"text-align: justify;\">O prefeito de Pau Brasil, Robson Ven\u00e2ncio, esteve em Bras\u00edlia, nesta quarta-feira (25), onde se reuniu com o diretor-geral do DNIT, Fabr\u00edcio Galv\u00e3o, para tratar da federaliza\u00e7\u00e3o da BR-251 planejada, que ligar\u00e1 os munic\u00edpios de Pau Brasil e Potiragu\u00e1, no sul da Bahia.<\/h3>\n<h3 style=\"text-align: justify;\">Durante o encontro, Fabr\u00edcio Galv\u00e3o se comprometeu a federalizar o trecho, atualmente classificado como BA, etapa necess\u00e1ria para que o DNIT possa licitar a obra e viabilizar a pavimenta\u00e7\u00e3o asf\u00e1ltica da rodovia \u2014 um antigo sonho da regi\u00e3o.<\/h3>\n<h3 style=\"text-align: justify;\">O prefeito esteve acompanhado pelo gestor municipal de conv\u00eanios Ricardo Andrade, pelo assessor parlamentar Gabriel Almeida e pelo vereador e l\u00edder do governo na C\u00e2mara, Nego Elder.<\/h3>\n<h3 style=\"text-align: justify;\"><\/h3>\n","protected":false},"excerpt":{"rendered":"<p>&nbsp; O prefeito de Pau Brasil, Robson Ven\u00e2ncio, esteve em Bras\u00edlia, nesta quarta-feira (25), onde se reuniu com o diretor-geral do DNIT, Fabr\u00edcio Galv\u00e3o, para tratar da federaliza\u00e7\u00e3o da BR-251 planejada, que ligar\u00e1 os munic\u00edpios de Pau Brasil e Potiragu\u00e1, no sul da Bahia. Durante o encontro, Fabr\u00edcio Galv\u00e3o se comprometeu a federalizar o trecho, [&hellip;]<\/p>\n","protected":false},"author":992,"featured_media":193591,"comment_status":"open","ping_status":"closed","sticky":false,"template":"","format":"standard","meta":{"footnotes":"","_links_to":"","_links_to_target":""},"categories":[3],"tags":[],"class_list":["post-193590","post","type-post","status-publish","format-standard","has-post-thumbnail","hentry","category-cidades"],"views":196,"_links":{"self":[{"href":"https:\/\/www.politicosdosuldabahia.com.br\/v1\/wp-json\/wp\/v2\/posts\/193590"}],"collection":[{"href":"https:\/\/www.politicosdosuldabahia.com.br\/v1\/wp-json\/wp\/v2\/posts"}],"about":[{"href":"https:\/\/www.politicosdosuldabahia.com.br\/v1\/wp-json\/wp\/v2\/types\/post"}],"author":[{"embeddable":true,"href":"https:\/\/www.politicosdosuldabahia.com.br\/v1\/wp-json\/wp\/v2\/users\/992"}],"replies":[{"embeddable":true,"href":"https:\/\/www.politicosdosuldabahia.com.br\/v1\/wp-json\/wp\/v2\/comments?post=193590"}],"version-history":[{"count":2,"href":"https:\/\/www.politicosdosuldabahia.com.br\/v1\/wp-json\/wp\/v2\/posts\/193590\/revisions"}],"predecessor-version":[{"id":193604,"href":"https:\/\/www.politicosdosuldabahia.com.br\/v1\/wp-json\/wp\/v2\/posts\/193590\/revisions\/193604"}],"wp:featuredmedia":[{"embeddable":true,"href":"https:\/\/www.politicosdosuldabahia.com.br\/v1\/wp-json\/wp\/v2\/media\/193591"}],"wp:attachment":[{"href":"https:\/\/www.politicosdosuldabahia.com.br\/v1\/wp-json\/wp\/v2\/media?parent=193590"}],"wp:term":[{"taxonomy":"category","embeddable":true,"href":"https:\/\/www.politicosdosuldabahia.com.br\/v1\/wp-json\/wp\/v2\/categories?post=193590"},{"taxonomy":"post_tag","embeddable":true,"href":"https:\/\/www.politicosdosuldabahia.com.br\/v1\/wp-json\/wp\/v2\/tags?post=193590"}],"curies":[{"name":"wp","href":"https:\/\/api.w.org\/{rel}","templated":true}]}}