
{"id":193577,"date":"2025-09-29T10:06:18","date_gmt":"2025-09-29T13:06:18","guid":{"rendered":"https:\/\/www.politicosdosuldabahia.com.br\/v1\/?p=193577"},"modified":"2025-09-29T10:06:18","modified_gmt":"2025-09-29T13:06:18","slug":"itacare-festival-de-forro-leva-cidade-ao-centro-das-atencoes-e-reune-milhares-de-pessoas-na-5a-edicao","status":"publish","type":"post","link":"https:\/\/www.politicosdosuldabahia.com.br\/v1\/2025\/09\/29\/itacare-festival-de-forro-leva-cidade-ao-centro-das-atencoes-e-reune-milhares-de-pessoas-na-5a-edicao\/","title":{"rendered":"ITACAR\u00c9: FESTIVAL DE FORR\u00d3 LEVA CIDADE AO CENTRO DAS ATEN\u00c7\u00d5ES E RE\u00daNE MILHARES DE PESSOAS NA 5\u00aa EDI\u00c7\u00c3O"},"content":{"rendered":"<p><img loading=\"lazy\" decoding=\"async\" class=\"size-full wp-image-193579 aligncenter\" src=\"http:\/\/www.politicosdosuldabahia.com.br\/v1\/wp-content\/uploads\/2025\/09\/WhatsApp-Image-2025-09-29-at-09.52.37-1.jpeg\" alt=\"\" width=\"455\" height=\"341\" srcset=\"https:\/\/www.politicosdosuldabahia.com.br\/v1\/wp-content\/uploads\/2025\/09\/WhatsApp-Image-2025-09-29-at-09.52.37-1.jpeg 455w, https:\/\/www.politicosdosuldabahia.com.br\/v1\/wp-content\/uploads\/2025\/09\/WhatsApp-Image-2025-09-29-at-09.52.37-1-300x225.jpeg 300w, https:\/\/www.politicosdosuldabahia.com.br\/v1\/wp-content\/uploads\/2025\/09\/WhatsApp-Image-2025-09-29-at-09.52.37-1-400x300.jpeg 400w\" sizes=\"(max-width: 455px) 100vw, 455px\" \/><\/p>\n<h3 style=\"text-align: justify\">Itacar\u00e9 viveu tr\u00eas dias inesquec\u00edveis com a realiza\u00e7\u00e3o da 5\u00aa edi\u00e7\u00e3o do Festival de Forr\u00f3, que tomou conta da cidade e atraiu milhares de turistas do Brasil e do mundo. O evento consolidou-se como um dos maiores e mais vibrantes encontros culturais da Bahia, celebrando a for\u00e7a da m\u00fasica nordestina em um cen\u00e1rio paradis\u00edaco.<\/h3>\n<h3 style=\"text-align: justify\">A j\u00e1 tradicional Rural Amarela arrastou multid\u00f5es pelas ruas da Pituba e da Pra\u00e7a da Mangueira, em um espet\u00e1culo de cores, alegria e tradi\u00e7\u00e3o. Na Pra\u00e7a S\u00e3o Miguel, o palco principal reuniu grandes shows que empolgaram o p\u00fablico. Entre as atra\u00e7\u00f5es, nomes de peso como Cacau com Leite, Targino Gondim e Gel Barbosa dividiram espa\u00e7o com diversos artistas locais, que mostraram talento e autenticidade, refor\u00e7ando a identidade cultural do munic\u00edpio.<\/h3>\n<h3 style=\"text-align: justify\">Mais do que m\u00fasica, o festival movimentou toda a economia local: hot\u00e9is lotados, restaurantes cheios, com\u00e9rcio aquecido e uma Itacar\u00e9 vibrante, pulsando com o calor da cultura e da hospitalidade.<\/h3>\n<h3 style=\"text-align: justify\">O prefeito Nego de Saronga destacou o impacto do evento:<\/h3>\n<h3 style=\"text-align: justify\">\u201cO Festival de Forr\u00f3 de Itacar\u00e9 j\u00e1 entrou para a hist\u00f3ria. Foi uma festa grandiosa, organizada e cheia de energia positiva. Recebemos turistas do mundo inteiro e mostramos que a nossa cidade sabe valorizar sua cultura, gerar oportunidades e fazer eventos que marcam a vida das pessoas. Esse \u00e9 apenas o come\u00e7o de muitos outros momentos de celebra\u00e7\u00e3o que vir\u00e3o\u201d, declarou.<\/h3>\n<h3 style=\"text-align: justify\">Com o brilho da 5\u00aa edi\u00e7\u00e3o e a participa\u00e7\u00e3o de grandes artistas, o Festival de Forr\u00f3 refor\u00e7a o nome de Itacar\u00e9 no cen\u00e1rio tur\u00edstico e cultural do pa\u00eds, projetando a cidade como um destino onde tradi\u00e7\u00e3o e alegria caminham lado a lado.<\/h3>\n","protected":false},"excerpt":{"rendered":"<p>Itacar\u00e9 viveu tr\u00eas dias inesquec\u00edveis com a realiza\u00e7\u00e3o da 5\u00aa edi\u00e7\u00e3o do Festival de Forr\u00f3, que tomou conta da cidade e atraiu milhares de turistas do Brasil e do mundo. O evento consolidou-se como um dos maiores e mais vibrantes encontros culturais da Bahia, celebrando a for\u00e7a da m\u00fasica nordestina em um cen\u00e1rio paradis\u00edaco. A [&hellip;]<\/p>\n","protected":false},"author":992,"featured_media":193579,"comment_status":"open","ping_status":"closed","sticky":false,"template":"","format":"standard","meta":{"footnotes":"","_links_to":"","_links_to_target":""},"categories":[3],"tags":[],"class_list":["post-193577","post","type-post","status-publish","format-standard","has-post-thumbnail","hentry","category-cidades"],"views":192,"_links":{"self":[{"href":"https:\/\/www.politicosdosuldabahia.com.br\/v1\/wp-json\/wp\/v2\/posts\/193577"}],"collection":[{"href":"https:\/\/www.politicosdosuldabahia.com.br\/v1\/wp-json\/wp\/v2\/posts"}],"about":[{"href":"https:\/\/www.politicosdosuldabahia.com.br\/v1\/wp-json\/wp\/v2\/types\/post"}],"author":[{"embeddable":true,"href":"https:\/\/www.politicosdosuldabahia.com.br\/v1\/wp-json\/wp\/v2\/users\/992"}],"replies":[{"embeddable":true,"href":"https:\/\/www.politicosdosuldabahia.com.br\/v1\/wp-json\/wp\/v2\/comments?post=193577"}],"version-history":[{"count":1,"href":"https:\/\/www.politicosdosuldabahia.com.br\/v1\/wp-json\/wp\/v2\/posts\/193577\/revisions"}],"predecessor-version":[{"id":193580,"href":"https:\/\/www.politicosdosuldabahia.com.br\/v1\/wp-json\/wp\/v2\/posts\/193577\/revisions\/193580"}],"wp:featuredmedia":[{"embeddable":true,"href":"https:\/\/www.politicosdosuldabahia.com.br\/v1\/wp-json\/wp\/v2\/media\/193579"}],"wp:attachment":[{"href":"https:\/\/www.politicosdosuldabahia.com.br\/v1\/wp-json\/wp\/v2\/media?parent=193577"}],"wp:term":[{"taxonomy":"category","embeddable":true,"href":"https:\/\/www.politicosdosuldabahia.com.br\/v1\/wp-json\/wp\/v2\/categories?post=193577"},{"taxonomy":"post_tag","embeddable":true,"href":"https:\/\/www.politicosdosuldabahia.com.br\/v1\/wp-json\/wp\/v2\/tags?post=193577"}],"curies":[{"name":"wp","href":"https:\/\/api.w.org\/{rel}","templated":true}]}}