
{"id":193571,"date":"2025-09-29T09:32:00","date_gmt":"2025-09-29T12:32:00","guid":{"rendered":"https:\/\/www.politicosdosuldabahia.com.br\/v1\/?p=193571"},"modified":"2025-09-29T09:32:00","modified_gmt":"2025-09-29T12:32:00","slug":"urucuca-goleia-alcobaca-no-ferreirao-e-avanca-no-intermunicipal","status":"publish","type":"post","link":"https:\/\/www.politicosdosuldabahia.com.br\/v1\/2025\/09\/29\/urucuca-goleia-alcobaca-no-ferreirao-e-avanca-no-intermunicipal\/","title":{"rendered":"URU\u00c7UCA GOLEIA ALCOBA\u00c7A NO FERREIR\u00c3O E AVAN\u00c7A NO INTERMUNICIPAL"},"content":{"rendered":"<p><img loading=\"lazy\" decoding=\"async\" class=\"size-full wp-image-193572 aligncenter\" src=\"http:\/\/www.politicosdosuldabahia.com.br\/v1\/wp-content\/uploads\/2025\/09\/WhatsApp-Image-2025-09-29-at-08.18.44.jpeg\" alt=\"\" width=\"455\" height=\"303\" srcset=\"https:\/\/www.politicosdosuldabahia.com.br\/v1\/wp-content\/uploads\/2025\/09\/WhatsApp-Image-2025-09-29-at-08.18.44.jpeg 455w, https:\/\/www.politicosdosuldabahia.com.br\/v1\/wp-content\/uploads\/2025\/09\/WhatsApp-Image-2025-09-29-at-08.18.44-300x200.jpeg 300w\" sizes=\"(max-width: 455px) 100vw, 455px\" \/><\/p>\n<h3 style=\"text-align: justify\">A tarde deste domingo (28) foi de festa no Est\u00e1dio Ferreir\u00e3o, em Uru\u00e7uca. Ap\u00f3s vencer a primeira partida fora de casa, o time local confirmou a classifica\u00e7\u00e3o para a pr\u00f3xima fase do Campeonato Intermunicipal de Futebol da Bahia com uma goleada de encher os olhos: 5 a 0 sobre Alcoba\u00e7a, levando a torcida ao del\u00edrio.<\/h3>\n<h3 style=\"text-align: justify\">Desde o apito inicial, Uru\u00e7uca mostrou dom\u00ednio absoluto, com excelente troca de passes, intensidade e objetividade no ataque. O grande destaque foi Luiz Felipe, que balan\u00e7ou as redes tr\u00eas vezes e saiu de campo ovacionado pelos torcedores. Ronald e Tibe completaram o placar e selaram a vit\u00f3ria com autoridade.<\/h3>\n<h3 style=\"text-align: justify\">Prestigiando a partida, a prefeita Magn\u00f3lia Barreto comemorou a atua\u00e7\u00e3o do time e a for\u00e7a da torcida. \u201cNosso time mostrou garra e talento, e nossa torcida fez a diferen\u00e7a. Estamos juntos, vibrando e confiantes em novas conquistas\u201d, declarou.<\/h3>\n<h3 style=\"text-align: justify\">Com a classifica\u00e7\u00e3o garantida, Uru\u00e7uca agora aguarda a defini\u00e7\u00e3o do pr\u00f3ximo advers\u00e1rio na terceira fase da competi\u00e7\u00e3o, mantendo viva a esperan\u00e7a de chegar ainda mais longe no torneio.<\/h3>\n","protected":false},"excerpt":{"rendered":"<p>A tarde deste domingo (28) foi de festa no Est\u00e1dio Ferreir\u00e3o, em Uru\u00e7uca. Ap\u00f3s vencer a primeira partida fora de casa, o time local confirmou a classifica\u00e7\u00e3o para a pr\u00f3xima fase do Campeonato Intermunicipal de Futebol da Bahia com uma goleada de encher os olhos: 5 a 0 sobre Alcoba\u00e7a, levando a torcida ao del\u00edrio. [&hellip;]<\/p>\n","protected":false},"author":992,"featured_media":193572,"comment_status":"open","ping_status":"closed","sticky":false,"template":"","format":"standard","meta":{"footnotes":"","_links_to":"","_links_to_target":""},"categories":[3],"tags":[],"class_list":["post-193571","post","type-post","status-publish","format-standard","has-post-thumbnail","hentry","category-cidades"],"views":236,"_links":{"self":[{"href":"https:\/\/www.politicosdosuldabahia.com.br\/v1\/wp-json\/wp\/v2\/posts\/193571"}],"collection":[{"href":"https:\/\/www.politicosdosuldabahia.com.br\/v1\/wp-json\/wp\/v2\/posts"}],"about":[{"href":"https:\/\/www.politicosdosuldabahia.com.br\/v1\/wp-json\/wp\/v2\/types\/post"}],"author":[{"embeddable":true,"href":"https:\/\/www.politicosdosuldabahia.com.br\/v1\/wp-json\/wp\/v2\/users\/992"}],"replies":[{"embeddable":true,"href":"https:\/\/www.politicosdosuldabahia.com.br\/v1\/wp-json\/wp\/v2\/comments?post=193571"}],"version-history":[{"count":1,"href":"https:\/\/www.politicosdosuldabahia.com.br\/v1\/wp-json\/wp\/v2\/posts\/193571\/revisions"}],"predecessor-version":[{"id":193573,"href":"https:\/\/www.politicosdosuldabahia.com.br\/v1\/wp-json\/wp\/v2\/posts\/193571\/revisions\/193573"}],"wp:featuredmedia":[{"embeddable":true,"href":"https:\/\/www.politicosdosuldabahia.com.br\/v1\/wp-json\/wp\/v2\/media\/193572"}],"wp:attachment":[{"href":"https:\/\/www.politicosdosuldabahia.com.br\/v1\/wp-json\/wp\/v2\/media?parent=193571"}],"wp:term":[{"taxonomy":"category","embeddable":true,"href":"https:\/\/www.politicosdosuldabahia.com.br\/v1\/wp-json\/wp\/v2\/categories?post=193571"},{"taxonomy":"post_tag","embeddable":true,"href":"https:\/\/www.politicosdosuldabahia.com.br\/v1\/wp-json\/wp\/v2\/tags?post=193571"}],"curies":[{"name":"wp","href":"https:\/\/api.w.org\/{rel}","templated":true}]}}