
{"id":193554,"date":"2025-09-26T16:22:24","date_gmt":"2025-09-26T19:22:24","guid":{"rendered":"https:\/\/www.politicosdosuldabahia.com.br\/v1\/?p=193554"},"modified":"2025-09-26T16:22:34","modified_gmt":"2025-09-26T19:22:34","slug":"porto-seguro-semana-da-cultura-evangelica-comeca-em-porto-seguro-com-noite-de-uncao-e-palavra","status":"publish","type":"post","link":"https:\/\/www.politicosdosuldabahia.com.br\/v1\/2025\/09\/26\/porto-seguro-semana-da-cultura-evangelica-comeca-em-porto-seguro-com-noite-de-uncao-e-palavra\/","title":{"rendered":"PORTO SEGURO: SEMANA DA CULTURA EVANG\u00c9LICA COME\u00c7A EM PORTO SEGURO COM NOITE DE UN\u00c7\u00c3O E PALAVRA"},"content":{"rendered":"<p><img loading=\"lazy\" decoding=\"async\" class=\"aligncenter wp-image-193555\" src=\"http:\/\/www.politicosdosuldabahia.com.br\/v1\/wp-content\/uploads\/2025\/09\/WhatsApp-Image-2025-09-26-at-13.57.35.jpeg\" alt=\"\" width=\"455\" height=\"304\" srcset=\"https:\/\/www.politicosdosuldabahia.com.br\/v1\/wp-content\/uploads\/2025\/09\/WhatsApp-Image-2025-09-26-at-13.57.35.jpeg 1280w, https:\/\/www.politicosdosuldabahia.com.br\/v1\/wp-content\/uploads\/2025\/09\/WhatsApp-Image-2025-09-26-at-13.57.35-300x200.jpeg 300w, https:\/\/www.politicosdosuldabahia.com.br\/v1\/wp-content\/uploads\/2025\/09\/WhatsApp-Image-2025-09-26-at-13.57.35-1024x683.jpeg 1024w, https:\/\/www.politicosdosuldabahia.com.br\/v1\/wp-content\/uploads\/2025\/09\/WhatsApp-Image-2025-09-26-at-13.57.35-768x512.jpeg 768w\" sizes=\"(max-width: 455px) 100vw, 455px\" \/><\/p>\n<h3 style=\"text-align: justify\">Teve in\u00edcio nesta quinta-feira, 25, a Semana da Cultura Evang\u00e9lica de Porto Seguro, realizada por 12 igrejas da Assembleia de Deus, al\u00e9m de outras denomina\u00e7\u00f5es e comunidades evang\u00e9licas de Arraial d\u2019Ajuda e grupos locais, com apoio da Prefeitura, por meio da Secretaria Municipal de Turismo. O encontro abriu um ciclo de celebra\u00e7\u00f5es que segue at\u00e9 o dia 4 de outubro, em diversos pontos do munic\u00edpio, com expectativa de atrair mais de 10 mil pessoas ao longo da programa\u00e7\u00e3o.<\/h3>\n<h3 style=\"text-align: justify\">A primeira noite foi marcada por um derramar profundo da Palavra de Deus. O anfitri\u00e3o em Arraial d\u2019Ajuda, pastor Erivaldo Santos, conduziu o povo em um momento de consagra\u00e7\u00e3o e ora\u00e7\u00e3o, preparando os cora\u00e7\u00f5es para a mensagem. O pregador convidado, pastor Alex Gon\u00e7alves, trouxe uma poderosa palavra sobre convers\u00e3o, arrependimento, perd\u00e3o e salva\u00e7\u00e3o atrav\u00e9s do sacrif\u00edcio de Jesus na cruz. Os louvores, ministrados pelo cantor Marquinho, do Rio de Janeiro, encheram o ambiente de un\u00e7\u00e3o e mover espiritual.<\/h3>\n<h3 style=\"text-align: justify\">Al\u00e9m da programa\u00e7\u00e3o da noite de abertura, que contou com louvores e mensagens edificantes, a Semana segue com agenda diversificada. No domingo, dia 28, o pastor e cantor Samuel Messias ministra em Arraial d\u2019Ajuda, prometendo uma noite de impacto e adora\u00e7\u00e3o. Em seguida, a expectativa se volta para o encerramento no dia 4 de outubro, quando o cantor Fernandinho, ao lado de Micael do Carmo, se apresenta na Pra\u00e7a da Fam\u00edlia, no Baian\u00e3o, em um grande momento de f\u00e9 e adora\u00e7\u00e3o.<\/h3>\n<h3 style=\"text-align: justify\">O evento se fortalece como um marco de uni\u00e3o da comunidade evang\u00e9lica, trazendo momentos de louvor e reflex\u00e3o das bases da f\u00e9 crist\u00e3. \u201cApoiar a Semana da Cultura Evang\u00e9lica \u00e9 valorizar a diversidade e o protagonismo das igrejas na vida social e espiritual do nosso povo\u201d, enfatizou o secret\u00e1rio de Turismo, Guto Jones, destacando a parceira na realiza\u00e7\u00e3o.<\/h3>\n","protected":false},"excerpt":{"rendered":"<p>Teve in\u00edcio nesta quinta-feira, 25, a Semana da Cultura Evang\u00e9lica de Porto Seguro, realizada por 12 igrejas da Assembleia de Deus, al\u00e9m de outras denomina\u00e7\u00f5es e comunidades evang\u00e9licas de Arraial d\u2019Ajuda e grupos locais, com apoio da Prefeitura, por meio da Secretaria Municipal de Turismo. O encontro abriu um ciclo de celebra\u00e7\u00f5es que segue at\u00e9 [&hellip;]<\/p>\n","protected":false},"author":992,"featured_media":193555,"comment_status":"open","ping_status":"closed","sticky":false,"template":"","format":"standard","meta":{"footnotes":"","_links_to":"","_links_to_target":""},"categories":[3],"tags":[],"class_list":["post-193554","post","type-post","status-publish","format-standard","has-post-thumbnail","hentry","category-cidades"],"views":253,"_links":{"self":[{"href":"https:\/\/www.politicosdosuldabahia.com.br\/v1\/wp-json\/wp\/v2\/posts\/193554"}],"collection":[{"href":"https:\/\/www.politicosdosuldabahia.com.br\/v1\/wp-json\/wp\/v2\/posts"}],"about":[{"href":"https:\/\/www.politicosdosuldabahia.com.br\/v1\/wp-json\/wp\/v2\/types\/post"}],"author":[{"embeddable":true,"href":"https:\/\/www.politicosdosuldabahia.com.br\/v1\/wp-json\/wp\/v2\/users\/992"}],"replies":[{"embeddable":true,"href":"https:\/\/www.politicosdosuldabahia.com.br\/v1\/wp-json\/wp\/v2\/comments?post=193554"}],"version-history":[{"count":1,"href":"https:\/\/www.politicosdosuldabahia.com.br\/v1\/wp-json\/wp\/v2\/posts\/193554\/revisions"}],"predecessor-version":[{"id":193556,"href":"https:\/\/www.politicosdosuldabahia.com.br\/v1\/wp-json\/wp\/v2\/posts\/193554\/revisions\/193556"}],"wp:featuredmedia":[{"embeddable":true,"href":"https:\/\/www.politicosdosuldabahia.com.br\/v1\/wp-json\/wp\/v2\/media\/193555"}],"wp:attachment":[{"href":"https:\/\/www.politicosdosuldabahia.com.br\/v1\/wp-json\/wp\/v2\/media?parent=193554"}],"wp:term":[{"taxonomy":"category","embeddable":true,"href":"https:\/\/www.politicosdosuldabahia.com.br\/v1\/wp-json\/wp\/v2\/categories?post=193554"},{"taxonomy":"post_tag","embeddable":true,"href":"https:\/\/www.politicosdosuldabahia.com.br\/v1\/wp-json\/wp\/v2\/tags?post=193554"}],"curies":[{"name":"wp","href":"https:\/\/api.w.org\/{rel}","templated":true}]}}