
{"id":193548,"date":"2025-09-26T12:17:17","date_gmt":"2025-09-26T15:17:17","guid":{"rendered":"https:\/\/www.politicosdosuldabahia.com.br\/v1\/?p=193548"},"modified":"2025-09-26T12:17:17","modified_gmt":"2025-09-26T15:17:17","slug":"itabuna-pioneira-na-bahia-emasa-regulariza-dividas-historicas-com-a-receita-federal-e-fortalece-gestao-do-saneamento","status":"publish","type":"post","link":"https:\/\/www.politicosdosuldabahia.com.br\/v1\/2025\/09\/26\/itabuna-pioneira-na-bahia-emasa-regulariza-dividas-historicas-com-a-receita-federal-e-fortalece-gestao-do-saneamento\/","title":{"rendered":"ITABUNA: PIONEIRA NA BAHIA, EMASA REGULARIZA D\u00cdVIDAS HIST\u00d3RICAS COM A RECEITA FEDERAL E FORTALECE GEST\u00c3O DO SANEAMENTO"},"content":{"rendered":"<p><img loading=\"lazy\" decoding=\"async\" class=\"alignnone size-full wp-image-193549 aligncenter\" src=\"http:\/\/www.politicosdosuldabahia.com.br\/v1\/wp-content\/uploads\/2025\/09\/WhatsApp-Image-2025-09-26-at-12.04.24.jpeg\" alt=\"\" width=\"455\" height=\"303\" srcset=\"https:\/\/www.politicosdosuldabahia.com.br\/v1\/wp-content\/uploads\/2025\/09\/WhatsApp-Image-2025-09-26-at-12.04.24.jpeg 455w, https:\/\/www.politicosdosuldabahia.com.br\/v1\/wp-content\/uploads\/2025\/09\/WhatsApp-Image-2025-09-26-at-12.04.24-300x200.jpeg 300w\" sizes=\"(max-width: 455px) 100vw, 455px\" \/><\/p>\n<h3 style=\"text-align: justify\">A Empresa Municipal de \u00c1guas e Saneamento (EMASA) alcan\u00e7ou, neste m\u00eas de setembro, um marco hist\u00f3rico ao se tornar a primeira empresa de saneamento b\u00e1sico da Bahia a firmar acordo de negocia\u00e7\u00e3o de d\u00edvidas com a Receita Federal, herdadas de gest\u00f5es passadas. O feito possibilitar\u00e1 \u00e0 companhia obter a Certid\u00e3o Negativa de D\u00e9bitos (CND) e avan\u00e7ar com mais seguran\u00e7a na busca por investimentos.<\/h3>\n<h3 style=\"text-align: justify\">O passivo, que ultrapassava R$ 91 milh\u00f5es \u2014 resultante da falta de recolhimento de tributos e encargos sociais como INSS, PIS e COFINS \u2014 foi reduzido de forma expressiva ap\u00f3s um intenso processo de negocia\u00e7\u00e3o conduzido pelo prefeito Augusto Castro (PSD) e pela atual diretoria, com o apoio da Procuradoria Jur\u00eddica, do Setor de Contabilidade e de consultoria t\u00e9cnica especializada. O valor foi consolidado em aproximadamente R$ 26 milh\u00f5es. O acordo, firmado junto \u00e0 Procuradoria-Geral da Fazenda Nacional, assegurou descontos de at\u00e9 65% sobre juros e multas, al\u00e9m do parcelamento da d\u00edvida em at\u00e9 120 meses.<\/h3>\n<h3 style=\"text-align: justify\">Para o presidente da EMASA, Ivan Maia, a conquista representa uma virada de p\u00e1gina na hist\u00f3ria da empresa. \u201cEssa vit\u00f3ria \u00e9 fruto de um trabalho coletivo e estrat\u00e9gico, conduzido pela diretoria e pela equipe jur\u00eddica, que se dedicaram a resolver um passivo que comprometia a sa\u00fade financeira da EMASA h\u00e1 d\u00e9cadas\u201d, afirmou.<\/h3>\n<h3 style=\"text-align: justify\">O munic\u00edpio de Itabuna tamb\u00e9m participou do processo como garantidor, reafirmando o compromisso da administra\u00e7\u00e3o municipal com a sustentabilidade da empresa. A regulariza\u00e7\u00e3o fiscal fortalece a credibilidade da EMASA e abre caminho para a capta\u00e7\u00e3o de novos recursos e investimentos em obras de expans\u00e3o e moderniza\u00e7\u00e3o do saneamento b\u00e1sico, beneficiando diretamente a popula\u00e7\u00e3o.<\/h3>\n<h3 style=\"text-align: justify\">\u201cAssim, como atuamos para tornar o munic\u00edpio de Itabuna adimplente, n\u00e3o medimos esfor\u00e7os para que ocorresse o mesmo com a EMASA. Agora, a empresa tem condi\u00e7\u00f5es de contrair linhas de cr\u00e9dito e avan\u00e7ar na melhoria do saneamento b\u00e1sico da cidade\u201d, disse Castro.<\/h3>\n<h3 style=\"text-align: justify\">Com esse acordo, a EMASA conquista mais que estabilidade financeira: ganha f\u00f4lego para investir no futuro, ampliar servi\u00e7os e consolidar uma gest\u00e3o de saneamento mais eficiente e respons\u00e1vel em Itabuna.<\/h3>\n","protected":false},"excerpt":{"rendered":"<p>A Empresa Municipal de \u00c1guas e Saneamento (EMASA) alcan\u00e7ou, neste m\u00eas de setembro, um marco hist\u00f3rico ao se tornar a primeira empresa de saneamento b\u00e1sico da Bahia a firmar acordo de negocia\u00e7\u00e3o de d\u00edvidas com a Receita Federal, herdadas de gest\u00f5es passadas. O feito possibilitar\u00e1 \u00e0 companhia obter a Certid\u00e3o Negativa de D\u00e9bitos (CND) e [&hellip;]<\/p>\n","protected":false},"author":992,"featured_media":193549,"comment_status":"open","ping_status":"closed","sticky":false,"template":"","format":"standard","meta":{"footnotes":"","_links_to":"","_links_to_target":""},"categories":[3],"tags":[],"class_list":["post-193548","post","type-post","status-publish","format-standard","has-post-thumbnail","hentry","category-cidades"],"views":224,"_links":{"self":[{"href":"https:\/\/www.politicosdosuldabahia.com.br\/v1\/wp-json\/wp\/v2\/posts\/193548"}],"collection":[{"href":"https:\/\/www.politicosdosuldabahia.com.br\/v1\/wp-json\/wp\/v2\/posts"}],"about":[{"href":"https:\/\/www.politicosdosuldabahia.com.br\/v1\/wp-json\/wp\/v2\/types\/post"}],"author":[{"embeddable":true,"href":"https:\/\/www.politicosdosuldabahia.com.br\/v1\/wp-json\/wp\/v2\/users\/992"}],"replies":[{"embeddable":true,"href":"https:\/\/www.politicosdosuldabahia.com.br\/v1\/wp-json\/wp\/v2\/comments?post=193548"}],"version-history":[{"count":1,"href":"https:\/\/www.politicosdosuldabahia.com.br\/v1\/wp-json\/wp\/v2\/posts\/193548\/revisions"}],"predecessor-version":[{"id":193550,"href":"https:\/\/www.politicosdosuldabahia.com.br\/v1\/wp-json\/wp\/v2\/posts\/193548\/revisions\/193550"}],"wp:featuredmedia":[{"embeddable":true,"href":"https:\/\/www.politicosdosuldabahia.com.br\/v1\/wp-json\/wp\/v2\/media\/193549"}],"wp:attachment":[{"href":"https:\/\/www.politicosdosuldabahia.com.br\/v1\/wp-json\/wp\/v2\/media?parent=193548"}],"wp:term":[{"taxonomy":"category","embeddable":true,"href":"https:\/\/www.politicosdosuldabahia.com.br\/v1\/wp-json\/wp\/v2\/categories?post=193548"},{"taxonomy":"post_tag","embeddable":true,"href":"https:\/\/www.politicosdosuldabahia.com.br\/v1\/wp-json\/wp\/v2\/tags?post=193548"}],"curies":[{"name":"wp","href":"https:\/\/api.w.org\/{rel}","templated":true}]}}