
{"id":193545,"date":"2025-09-26T12:15:41","date_gmt":"2025-09-26T15:15:41","guid":{"rendered":"https:\/\/www.politicosdosuldabahia.com.br\/v1\/?p=193545"},"modified":"2025-09-26T12:15:41","modified_gmt":"2025-09-26T15:15:41","slug":"itacare-prefeitura-antecipa-salarios-pela-9a-vez-consecutiva-na-gestao-de-nego-de-saronga","status":"publish","type":"post","link":"https:\/\/www.politicosdosuldabahia.com.br\/v1\/2025\/09\/26\/itacare-prefeitura-antecipa-salarios-pela-9a-vez-consecutiva-na-gestao-de-nego-de-saronga\/","title":{"rendered":"ITACAR\u00c9: PREFEITURA ANTECIPA SAL\u00c1RIOS PELA 9\u00aa VEZ CONSECUTIVA NA GEST\u00c3O DE NEGO DE SARONGA"},"content":{"rendered":"<p><img loading=\"lazy\" decoding=\"async\" class=\"alignnone size-full wp-image-193546 aligncenter\" src=\"http:\/\/www.politicosdosuldabahia.com.br\/v1\/wp-content\/uploads\/2025\/09\/WhatsApp-Image-2025-09-26-at-11.04.43.jpeg\" alt=\"\" width=\"455\" height=\"443\" srcset=\"https:\/\/www.politicosdosuldabahia.com.br\/v1\/wp-content\/uploads\/2025\/09\/WhatsApp-Image-2025-09-26-at-11.04.43.jpeg 455w, https:\/\/www.politicosdosuldabahia.com.br\/v1\/wp-content\/uploads\/2025\/09\/WhatsApp-Image-2025-09-26-at-11.04.43-300x292.jpeg 300w\" sizes=\"(max-width: 455px) 100vw, 455px\" \/><\/p>\n<h3 style=\"text-align: justify\">A gest\u00e3o do prefeito Edson Arante Santos Mendes, o Nego de Saronga (PT), tem se consolidado pela responsabilidade e compromisso com os servidores municipais. Pelo nono m\u00eas consecutivo, desde o in\u00edcio de sua administra\u00e7\u00e3o, todos os sal\u00e1rios foram pagos de forma antecipada.<\/h3>\n<h3 style=\"text-align: justify\">Neste m\u00eas de setembro n\u00e3o foi diferente. J\u00e1 nesta quinta-feira, 26 de setembro, os vencimentos dos servidores foram creditados em conta, assegurando mais tranquilidade para as fam\u00edlias e movimentando a economia local.<\/h3>\n<h3 style=\"text-align: justify\">Para Nego de Saronga, a pol\u00edtica de antecipar sal\u00e1rios \u00e9 resultado de uma gest\u00e3o equilibrada e de escolhas que priorizam as pessoas. \u201cDesde que assumimos, fizemos o compromisso de tratar com seriedade o funcionalismo. Estamos mostrando que \u00e9 poss\u00edvel governar com responsabilidade e, ao mesmo tempo, valorizar quem trabalha todos os dias para atender \u00e0 nossa popula\u00e7\u00e3o\u201d, afirmou o prefeito.<\/h3>\n<h3 style=\"text-align: justify\">O pagamento de setembro, realizado antes da abertura do Festival de Forr\u00f3 e das festividades do padroeiro S\u00e3o Miguel Arcanjo, refor\u00e7a tamb\u00e9m o impacto positivo da medida para o com\u00e9rcio e o turismo do munic\u00edpio, setores que ganham f\u00f4lego extra neste per\u00edodo festivo.<\/h3>\n<h3 style=\"text-align: justify\">Com a marca de nove meses consecutivos de sal\u00e1rios antecipados, o prefeito Nego de Saronga (PT) reafirma seu compromisso com a valoriza\u00e7\u00e3o dos servidores e com a credibilidade da gest\u00e3o p\u00fablica em Itacar\u00e9.<\/h3>\n","protected":false},"excerpt":{"rendered":"<p>A gest\u00e3o do prefeito Edson Arante Santos Mendes, o Nego de Saronga (PT), tem se consolidado pela responsabilidade e compromisso com os servidores municipais. Pelo nono m\u00eas consecutivo, desde o in\u00edcio de sua administra\u00e7\u00e3o, todos os sal\u00e1rios foram pagos de forma antecipada. Neste m\u00eas de setembro n\u00e3o foi diferente. J\u00e1 nesta quinta-feira, 26 de setembro, [&hellip;]<\/p>\n","protected":false},"author":992,"featured_media":193546,"comment_status":"open","ping_status":"closed","sticky":false,"template":"","format":"standard","meta":{"footnotes":"","_links_to":"","_links_to_target":""},"categories":[3],"tags":[],"class_list":["post-193545","post","type-post","status-publish","format-standard","has-post-thumbnail","hentry","category-cidades"],"views":211,"_links":{"self":[{"href":"https:\/\/www.politicosdosuldabahia.com.br\/v1\/wp-json\/wp\/v2\/posts\/193545"}],"collection":[{"href":"https:\/\/www.politicosdosuldabahia.com.br\/v1\/wp-json\/wp\/v2\/posts"}],"about":[{"href":"https:\/\/www.politicosdosuldabahia.com.br\/v1\/wp-json\/wp\/v2\/types\/post"}],"author":[{"embeddable":true,"href":"https:\/\/www.politicosdosuldabahia.com.br\/v1\/wp-json\/wp\/v2\/users\/992"}],"replies":[{"embeddable":true,"href":"https:\/\/www.politicosdosuldabahia.com.br\/v1\/wp-json\/wp\/v2\/comments?post=193545"}],"version-history":[{"count":1,"href":"https:\/\/www.politicosdosuldabahia.com.br\/v1\/wp-json\/wp\/v2\/posts\/193545\/revisions"}],"predecessor-version":[{"id":193547,"href":"https:\/\/www.politicosdosuldabahia.com.br\/v1\/wp-json\/wp\/v2\/posts\/193545\/revisions\/193547"}],"wp:featuredmedia":[{"embeddable":true,"href":"https:\/\/www.politicosdosuldabahia.com.br\/v1\/wp-json\/wp\/v2\/media\/193546"}],"wp:attachment":[{"href":"https:\/\/www.politicosdosuldabahia.com.br\/v1\/wp-json\/wp\/v2\/media?parent=193545"}],"wp:term":[{"taxonomy":"category","embeddable":true,"href":"https:\/\/www.politicosdosuldabahia.com.br\/v1\/wp-json\/wp\/v2\/categories?post=193545"},{"taxonomy":"post_tag","embeddable":true,"href":"https:\/\/www.politicosdosuldabahia.com.br\/v1\/wp-json\/wp\/v2\/tags?post=193545"}],"curies":[{"name":"wp","href":"https:\/\/api.w.org\/{rel}","templated":true}]}}