
{"id":193539,"date":"2025-09-26T10:43:52","date_gmt":"2025-09-26T13:43:52","guid":{"rendered":"https:\/\/www.politicosdosuldabahia.com.br\/v1\/?p=193539"},"modified":"2025-09-26T10:43:52","modified_gmt":"2025-09-26T13:43:52","slug":"ibirataia-formacao-continuada-fortalece-protagonismo-estudantil-nas-escolas-do-campo-do-municipio","status":"publish","type":"post","link":"https:\/\/www.politicosdosuldabahia.com.br\/v1\/2025\/09\/26\/ibirataia-formacao-continuada-fortalece-protagonismo-estudantil-nas-escolas-do-campo-do-municipio\/","title":{"rendered":"IBIRATAIA: FORMA\u00c7\u00c3O CONTINUADA FORTALECE PROTAGONISMO ESTUDANTIL NAS ESCOLAS DO CAMPO DO MUNIC\u00cdPIO"},"content":{"rendered":"<p><img loading=\"lazy\" decoding=\"async\" class=\"size-full wp-image-193540 aligncenter\" src=\"http:\/\/www.politicosdosuldabahia.com.br\/v1\/wp-content\/uploads\/2025\/09\/WhatsApp-Image-2025-09-26-at-10.38.31.jpeg\" alt=\"\" width=\"455\" height=\"341\" srcset=\"https:\/\/www.politicosdosuldabahia.com.br\/v1\/wp-content\/uploads\/2025\/09\/WhatsApp-Image-2025-09-26-at-10.38.31.jpeg 455w, https:\/\/www.politicosdosuldabahia.com.br\/v1\/wp-content\/uploads\/2025\/09\/WhatsApp-Image-2025-09-26-at-10.38.31-300x225.jpeg 300w, https:\/\/www.politicosdosuldabahia.com.br\/v1\/wp-content\/uploads\/2025\/09\/WhatsApp-Image-2025-09-26-at-10.38.31-400x300.jpeg 400w\" sizes=\"(max-width: 455px) 100vw, 455px\" \/><\/p>\n<h3 style=\"text-align: justify\">Na \u00faltima quarta-feira, 24 de setembro, a Gest\u00e3o das Escolas do Campo de Ibirataia, representada pela diretora Darlene Jord\u00e3o, juntamente com Romilda Santos, coordenadora do Programa Despertar no munic\u00edpio, participou da Forma\u00e7\u00e3o Continuada promovida pelo programa. O encontro contou tamb\u00e9m com a presen\u00e7a de representantes do Sindicato Rural de Ibirataia, professores e demais parceiros envolvidos.<\/h3>\n<h3 style=\"text-align: justify\">O Programa Despertar tem como objetivo fomentar o protagonismo juvenil e o empreendedorismo entre os estudantes do meio rural, promovendo uma educa\u00e7\u00e3o contextualizada, voltada para o desenvolvimento sustent\u00e1vel do campo.<\/h3>\n<h3 style=\"text-align: justify\">A iniciativa \u00e9 fruto de uma parceria entre a Prefeitura Municipal de Ibirataia, por meio da Secretaria Municipal de Educa\u00e7\u00e3o, o Sindicato Rural de Ibirataia e as Escolas do Campo, que juntos aderiram ao programa como forma de fortalecer a educa\u00e7\u00e3o do campo e incentivar pr\u00e1ticas pedag\u00f3gicas inovadoras e transformadoras.<\/h3>\n","protected":false},"excerpt":{"rendered":"<p>Na \u00faltima quarta-feira, 24 de setembro, a Gest\u00e3o das Escolas do Campo de Ibirataia, representada pela diretora Darlene Jord\u00e3o, juntamente com Romilda Santos, coordenadora do Programa Despertar no munic\u00edpio, participou da Forma\u00e7\u00e3o Continuada promovida pelo programa. O encontro contou tamb\u00e9m com a presen\u00e7a de representantes do Sindicato Rural de Ibirataia, professores e demais parceiros envolvidos. [&hellip;]<\/p>\n","protected":false},"author":992,"featured_media":193540,"comment_status":"open","ping_status":"closed","sticky":false,"template":"","format":"standard","meta":{"footnotes":"","_links_to":"","_links_to_target":""},"categories":[3],"tags":[],"class_list":["post-193539","post","type-post","status-publish","format-standard","has-post-thumbnail","hentry","category-cidades"],"views":210,"_links":{"self":[{"href":"https:\/\/www.politicosdosuldabahia.com.br\/v1\/wp-json\/wp\/v2\/posts\/193539"}],"collection":[{"href":"https:\/\/www.politicosdosuldabahia.com.br\/v1\/wp-json\/wp\/v2\/posts"}],"about":[{"href":"https:\/\/www.politicosdosuldabahia.com.br\/v1\/wp-json\/wp\/v2\/types\/post"}],"author":[{"embeddable":true,"href":"https:\/\/www.politicosdosuldabahia.com.br\/v1\/wp-json\/wp\/v2\/users\/992"}],"replies":[{"embeddable":true,"href":"https:\/\/www.politicosdosuldabahia.com.br\/v1\/wp-json\/wp\/v2\/comments?post=193539"}],"version-history":[{"count":1,"href":"https:\/\/www.politicosdosuldabahia.com.br\/v1\/wp-json\/wp\/v2\/posts\/193539\/revisions"}],"predecessor-version":[{"id":193541,"href":"https:\/\/www.politicosdosuldabahia.com.br\/v1\/wp-json\/wp\/v2\/posts\/193539\/revisions\/193541"}],"wp:featuredmedia":[{"embeddable":true,"href":"https:\/\/www.politicosdosuldabahia.com.br\/v1\/wp-json\/wp\/v2\/media\/193540"}],"wp:attachment":[{"href":"https:\/\/www.politicosdosuldabahia.com.br\/v1\/wp-json\/wp\/v2\/media?parent=193539"}],"wp:term":[{"taxonomy":"category","embeddable":true,"href":"https:\/\/www.politicosdosuldabahia.com.br\/v1\/wp-json\/wp\/v2\/categories?post=193539"},{"taxonomy":"post_tag","embeddable":true,"href":"https:\/\/www.politicosdosuldabahia.com.br\/v1\/wp-json\/wp\/v2\/tags?post=193539"}],"curies":[{"name":"wp","href":"https:\/\/api.w.org\/{rel}","templated":true}]}}