
{"id":193535,"date":"2025-09-26T10:38:49","date_gmt":"2025-09-26T13:38:49","guid":{"rendered":"https:\/\/www.politicosdosuldabahia.com.br\/v1\/?p=193535"},"modified":"2025-09-26T10:38:49","modified_gmt":"2025-09-26T13:38:49","slug":"itabuna-lordao-ganha-documentario-biografico-historia-da-banda-que-marcou-geracoes-chega-as-telas","status":"publish","type":"post","link":"https:\/\/www.politicosdosuldabahia.com.br\/v1\/2025\/09\/26\/itabuna-lordao-ganha-documentario-biografico-historia-da-banda-que-marcou-geracoes-chega-as-telas\/","title":{"rendered":"ITABUNA: LORD\u00c3O GANHA DOCUMENT\u00c1RIO BIOGR\u00c1FICO: HIST\u00d3RIA DA BANDA QUE MARCOU GERA\u00c7\u00d5ES CHEGA \u00c0S TELAS"},"content":{"rendered":"<p>&nbsp;<\/p>\n<p><img loading=\"lazy\" decoding=\"async\" class=\"aligncenter wp-image-193536 size-full\" src=\"http:\/\/www.politicosdosuldabahia.com.br\/v1\/wp-content\/uploads\/2025\/09\/WhatsApp-Image-2025-09-26-at-10.36.09-1.jpeg\" alt=\"\" width=\"321\" height=\"455\" srcset=\"https:\/\/www.politicosdosuldabahia.com.br\/v1\/wp-content\/uploads\/2025\/09\/WhatsApp-Image-2025-09-26-at-10.36.09-1.jpeg 321w, https:\/\/www.politicosdosuldabahia.com.br\/v1\/wp-content\/uploads\/2025\/09\/WhatsApp-Image-2025-09-26-at-10.36.09-1-212x300.jpeg 212w\" sizes=\"(max-width: 321px) 100vw, 321px\" \/><\/p>\n<h3 style=\"text-align: justify\">No dia 26 de setembro, o Centro de Cultura Adonias Filho, em Itabuna, ser\u00e1 palco do lan\u00e7amento do document\u00e1rio biogr\u00e1fico da banda Lord\u00e3o \u2013 a banda de baile mais longeva do pa\u00eds.<\/h3>\n<h3 style=\"text-align: justify\">A produ\u00e7\u00e3o, roteirizada e dirigida por Karine F\u00eanix resgata mem\u00f3rias, registros hist\u00f3ricos e depoimentos de quem passou pela banda, e testemunhas oculares que conviveram com o Lord\u00e3o ao longo de sua trajet\u00f3ria. Reconhecida como refer\u00eancia da m\u00fasica popular baiana, a banda marcou gera\u00e7\u00f5es e construiu um legado que agora ganha registro audiovisual.<\/h3>\n<h3 style=\"text-align: justify\">O document\u00e1rio promete emocionar o p\u00fablico ao revisitar momentos inesquec\u00edveis da carreira, celebrando n\u00e3o apenas o impacto cultural da banda na m\u00fasica regional, mas tamb\u00e9m sua relev\u00e2ncia na identidade cultural do sul da Bahia. Karine F\u00eanix, diretora e roteirista do filme, e f\u00e3 da banda Lord\u00e3o afirma que existe uma rela\u00e7\u00e3o de amor da banda com Itabuna, com o povo grapi\u00fana sobretudo. \u201cLord\u00e3o \u00e9 a trilha sonora da regi\u00e3o, de uma maneira muito aut\u00eantica, org\u00e2nica, com uma qualidade \u00edmpar \u2013 isso \u00e9 muito evidenciado nos depoimentos \u2013 \u00e9 uma sinergia dif\u00edcil de descrever\u201d.<\/h3>\n<h3 style=\"text-align: justify\">O lan\u00e7amento tamb\u00e9m contar\u00e1 com uma exposi\u00e7\u00e3o recheada de fotos hist\u00f3ricas, de rostos que fizeram e fazem parte da constru\u00e7\u00e3o da banda. O p\u00fablico poder\u00e1 acompanhar ainda a hist\u00f3ria atrav\u00e9s de depoimentos de figuras relevantes que emprestaram seu talento e se profissionalizaram atrav\u00e9s do Lord\u00e3o. A exposi\u00e7\u00e3o fica no foyer do Centro de Cultura Adonias Filho at\u00e9 o dia 06 de outubro.<\/h3>\n<h3 style=\"text-align: justify\">O evento \u00e9 gratuito e aberto ao p\u00fablico. Para assistir o document\u00e1rio \u00e9 s\u00f3 resgatar o ingresso atrav\u00e9s da plataforma Sympla no link a seguir. https:\/\/www.sympla.com.br\/evento\/dance-que-o-lordao-garante-lancamento-documentario-e-exposicao\/3112815<\/h3>\n<h3 style=\"text-align: justify\">O document\u00e1rio &#8220;Dance que o Lord\u00e3o Garante&#8221; \u00e9 uma realiza\u00e7\u00e3o da Lua Nova Est\u00fadio Criativo, contemplado no edital da Paulo Gustavo Itabuna, tem o apoio financeiro da Prefeitura de Itabuna atrav\u00e9s da Funda\u00e7\u00e3o Itabunense de Cultura e Cidadania (FICC) via Lei Paulo Gustavo, direcionado pelo Minist\u00e9rio da Cultura, Governo Federal. Tamb\u00e9m conta com o apoio do Centro de Cultura Adonias Filho \u2013 Governo da Bahia.<\/h3>\n<h3 style=\"text-align: justify\"><\/h3>\n<h3 style=\"text-align: justify\"><strong>Servi\u00e7o:<\/strong><\/h3>\n<h3 style=\"text-align: justify\">\ud83d\udccc Lan\u00e7amento do Document\u00e1rio e Exposi\u00e7\u00e3o da banda Lord\u00e3o<\/h3>\n<h3 style=\"text-align: justify\">\ud83d\udcc5 26 de setembro \u2013 18h<\/h3>\n<h3 style=\"text-align: justify\">\ud83d\udccd Centro de Cultura Adonias Filho \u2013 Itabuna<\/h3>\n","protected":false},"excerpt":{"rendered":"<p>&nbsp; No dia 26 de setembro, o Centro de Cultura Adonias Filho, em Itabuna, ser\u00e1 palco do lan\u00e7amento do document\u00e1rio biogr\u00e1fico da banda Lord\u00e3o \u2013 a banda de baile mais longeva do pa\u00eds. A produ\u00e7\u00e3o, roteirizada e dirigida por Karine F\u00eanix resgata mem\u00f3rias, registros hist\u00f3ricos e depoimentos de quem passou pela banda, e testemunhas oculares [&hellip;]<\/p>\n","protected":false},"author":992,"featured_media":193536,"comment_status":"open","ping_status":"closed","sticky":false,"template":"","format":"standard","meta":{"footnotes":"","_links_to":"","_links_to_target":""},"categories":[3],"tags":[],"class_list":["post-193535","post","type-post","status-publish","format-standard","has-post-thumbnail","hentry","category-cidades"],"views":217,"_links":{"self":[{"href":"https:\/\/www.politicosdosuldabahia.com.br\/v1\/wp-json\/wp\/v2\/posts\/193535"}],"collection":[{"href":"https:\/\/www.politicosdosuldabahia.com.br\/v1\/wp-json\/wp\/v2\/posts"}],"about":[{"href":"https:\/\/www.politicosdosuldabahia.com.br\/v1\/wp-json\/wp\/v2\/types\/post"}],"author":[{"embeddable":true,"href":"https:\/\/www.politicosdosuldabahia.com.br\/v1\/wp-json\/wp\/v2\/users\/992"}],"replies":[{"embeddable":true,"href":"https:\/\/www.politicosdosuldabahia.com.br\/v1\/wp-json\/wp\/v2\/comments?post=193535"}],"version-history":[{"count":1,"href":"https:\/\/www.politicosdosuldabahia.com.br\/v1\/wp-json\/wp\/v2\/posts\/193535\/revisions"}],"predecessor-version":[{"id":193537,"href":"https:\/\/www.politicosdosuldabahia.com.br\/v1\/wp-json\/wp\/v2\/posts\/193535\/revisions\/193537"}],"wp:featuredmedia":[{"embeddable":true,"href":"https:\/\/www.politicosdosuldabahia.com.br\/v1\/wp-json\/wp\/v2\/media\/193536"}],"wp:attachment":[{"href":"https:\/\/www.politicosdosuldabahia.com.br\/v1\/wp-json\/wp\/v2\/media?parent=193535"}],"wp:term":[{"taxonomy":"category","embeddable":true,"href":"https:\/\/www.politicosdosuldabahia.com.br\/v1\/wp-json\/wp\/v2\/categories?post=193535"},{"taxonomy":"post_tag","embeddable":true,"href":"https:\/\/www.politicosdosuldabahia.com.br\/v1\/wp-json\/wp\/v2\/tags?post=193535"}],"curies":[{"name":"wp","href":"https:\/\/api.w.org\/{rel}","templated":true}]}}