
{"id":193525,"date":"2025-09-25T11:20:53","date_gmt":"2025-09-25T14:20:53","guid":{"rendered":"https:\/\/www.politicosdosuldabahia.com.br\/v1\/?p=193525"},"modified":"2025-09-25T11:20:53","modified_gmt":"2025-09-25T14:20:53","slug":"valete-comemora-aprovacao-da-4a-conta-consecutiva-do-consorcio-cima-pelo-tcm","status":"publish","type":"post","link":"https:\/\/www.politicosdosuldabahia.com.br\/v1\/2025\/09\/25\/valete-comemora-aprovacao-da-4a-conta-consecutiva-do-consorcio-cima-pelo-tcm\/","title":{"rendered":"VALETE COMEMORA APROVA\u00c7\u00c3O DA 4\u00aa CONTA CONSECUTIVA DO CONS\u00d3RCIO CIMA PELO TCM"},"content":{"rendered":"<p><img loading=\"lazy\" decoding=\"async\" class=\"wp-image-193526 aligncenter\" src=\"http:\/\/www.politicosdosuldabahia.com.br\/v1\/wp-content\/uploads\/2025\/09\/WhatsApp-Image-2025-09-25-at-10.31.23.jpeg\" alt=\"\" width=\"455\" height=\"455\" srcset=\"https:\/\/www.politicosdosuldabahia.com.br\/v1\/wp-content\/uploads\/2025\/09\/WhatsApp-Image-2025-09-25-at-10.31.23.jpeg 750w, https:\/\/www.politicosdosuldabahia.com.br\/v1\/wp-content\/uploads\/2025\/09\/WhatsApp-Image-2025-09-25-at-10.31.23-300x300.jpeg 300w, https:\/\/www.politicosdosuldabahia.com.br\/v1\/wp-content\/uploads\/2025\/09\/WhatsApp-Image-2025-09-25-at-10.31.23-150x150.jpeg 150w\" sizes=\"(max-width: 455px) 100vw, 455px\" \/><\/p>\n<h3 style=\"text-align: justify\">Na sess\u00e3o da \u00faltima quarta-feira (24), o Tribunal de Contas dos Munic\u00edpios da Bahia (TCM-BA) aprovou as contas do Cons\u00f3rcio Intermunicipal da Mata Atl\u00e2ntica (CIMA) referentes ao exerc\u00edcio de 2024.<\/h3>\n<h3 style=\"text-align: justify\">Essa \u00e9 a quarta conta consecutiva aprovada sob a responsabilidade do ex-prefeito de Jussari e ex-presidente do CIMA, Ant\u00f4nio Valete, reafirmando sua trajet\u00f3ria marcada pela seriedade administrativa e pelo compromisso com a boa gest\u00e3o dos recursos p\u00fablicos.<\/h3>\n<h3 style=\"text-align: justify\">Ao comentar o resultado, Valete destacou o papel do trabalho coletivo: \u201cN\u00e3o estou surpreso, porque sempre tivemos zelo e compromisso em cada a\u00e7\u00e3o desenvolvida. Essa aprova\u00e7\u00e3o \u00e9 fruto da dedica\u00e7\u00e3o e da compet\u00eancia de toda a equipe, que executou com responsabilidade as atividades nos diversos munic\u00edpios que fazem parte do Cons\u00f3rcio da Mata Atl\u00e2ntica.\u201d<\/h3>\n<h3 style=\"text-align: justify\">A aprova\u00e7\u00e3o refor\u00e7a a credibilidade do CIMA como instrumento de coopera\u00e7\u00e3o regional, capaz de promover pol\u00edticas p\u00fablicas e projetos sustent\u00e1veis em benef\u00edcio dos munic\u00edpios consorciados.<\/h3>\n<h3 style=\"text-align: justify\">O feito \u00e9 motivo de orgulho para a regi\u00e3o e consolida o legado de Valete como gestor comprometido com a transpar\u00eancia e a efici\u00eancia administrativa.<\/h3>\n","protected":false},"excerpt":{"rendered":"<p>Na sess\u00e3o da \u00faltima quarta-feira (24), o Tribunal de Contas dos Munic\u00edpios da Bahia (TCM-BA) aprovou as contas do Cons\u00f3rcio Intermunicipal da Mata Atl\u00e2ntica (CIMA) referentes ao exerc\u00edcio de 2024. Essa \u00e9 a quarta conta consecutiva aprovada sob a responsabilidade do ex-prefeito de Jussari e ex-presidente do CIMA, Ant\u00f4nio Valete, reafirmando sua trajet\u00f3ria marcada pela [&hellip;]<\/p>\n","protected":false},"author":992,"featured_media":193526,"comment_status":"open","ping_status":"closed","sticky":false,"template":"","format":"standard","meta":{"footnotes":"","_links_to":"","_links_to_target":""},"categories":[3],"tags":[],"class_list":["post-193525","post","type-post","status-publish","format-standard","has-post-thumbnail","hentry","category-cidades"],"views":263,"_links":{"self":[{"href":"https:\/\/www.politicosdosuldabahia.com.br\/v1\/wp-json\/wp\/v2\/posts\/193525"}],"collection":[{"href":"https:\/\/www.politicosdosuldabahia.com.br\/v1\/wp-json\/wp\/v2\/posts"}],"about":[{"href":"https:\/\/www.politicosdosuldabahia.com.br\/v1\/wp-json\/wp\/v2\/types\/post"}],"author":[{"embeddable":true,"href":"https:\/\/www.politicosdosuldabahia.com.br\/v1\/wp-json\/wp\/v2\/users\/992"}],"replies":[{"embeddable":true,"href":"https:\/\/www.politicosdosuldabahia.com.br\/v1\/wp-json\/wp\/v2\/comments?post=193525"}],"version-history":[{"count":1,"href":"https:\/\/www.politicosdosuldabahia.com.br\/v1\/wp-json\/wp\/v2\/posts\/193525\/revisions"}],"predecessor-version":[{"id":193527,"href":"https:\/\/www.politicosdosuldabahia.com.br\/v1\/wp-json\/wp\/v2\/posts\/193525\/revisions\/193527"}],"wp:featuredmedia":[{"embeddable":true,"href":"https:\/\/www.politicosdosuldabahia.com.br\/v1\/wp-json\/wp\/v2\/media\/193526"}],"wp:attachment":[{"href":"https:\/\/www.politicosdosuldabahia.com.br\/v1\/wp-json\/wp\/v2\/media?parent=193525"}],"wp:term":[{"taxonomy":"category","embeddable":true,"href":"https:\/\/www.politicosdosuldabahia.com.br\/v1\/wp-json\/wp\/v2\/categories?post=193525"},{"taxonomy":"post_tag","embeddable":true,"href":"https:\/\/www.politicosdosuldabahia.com.br\/v1\/wp-json\/wp\/v2\/tags?post=193525"}],"curies":[{"name":"wp","href":"https:\/\/api.w.org\/{rel}","templated":true}]}}