
{"id":193518,"date":"2025-09-25T09:27:08","date_gmt":"2025-09-25T12:27:08","guid":{"rendered":"https:\/\/www.politicosdosuldabahia.com.br\/v1\/?p=193518"},"modified":"2025-09-25T09:27:08","modified_gmt":"2025-09-25T12:27:08","slug":"floresta-azul-prefeito-hermanio-bambu-e-vice-thalita-silveira-tem-gestao-com-80-de-aprovacao-em-apenas-nove-meses","status":"publish","type":"post","link":"https:\/\/www.politicosdosuldabahia.com.br\/v1\/2025\/09\/25\/floresta-azul-prefeito-hermanio-bambu-e-vice-thalita-silveira-tem-gestao-com-80-de-aprovacao-em-apenas-nove-meses\/","title":{"rendered":"FLORESTA AZUL: PREFEITO HERMANIO BAMBU E VICE THALITA SILVEIRA TEM GEST\u00c3O COM 80% DE APROVA\u00c7\u00c3O EM APENAS NOVE MESES"},"content":{"rendered":"<p><img loading=\"lazy\" decoding=\"async\" class=\"wp-image-193519 aligncenter\" src=\"http:\/\/www.politicosdosuldabahia.com.br\/v1\/wp-content\/uploads\/2025\/09\/WhatsApp-Image-2025-09-25-at-07.56.50.jpeg\" alt=\"\" width=\"455\" height=\"346\" srcset=\"https:\/\/www.politicosdosuldabahia.com.br\/v1\/wp-content\/uploads\/2025\/09\/WhatsApp-Image-2025-09-25-at-07.56.50.jpeg 935w, https:\/\/www.politicosdosuldabahia.com.br\/v1\/wp-content\/uploads\/2025\/09\/WhatsApp-Image-2025-09-25-at-07.56.50-300x228.jpeg 300w, https:\/\/www.politicosdosuldabahia.com.br\/v1\/wp-content\/uploads\/2025\/09\/WhatsApp-Image-2025-09-25-at-07.56.50-768x583.jpeg 768w\" sizes=\"(max-width: 455px) 100vw, 455px\" \/><\/p>\n<h3 style=\"text-align: justify\">O Prefeito Hermanio Bambu, juntamente com a vice-prefeita Thalita Silveira e toda equipe de governo, tiveram aprova\u00e7\u00e3o de 80% da sua gest\u00e3o, avaliada pela popula\u00e7\u00e3o florestense.<\/h3>\n<h3 style=\"text-align: justify\">O resultado mostra a compet\u00eancia desse governo e a confian\u00e7a que a popula\u00e7\u00e3o de Floresta Azul, Coquinhos e Zona Rural depositam nessa gest\u00e3o, que tem se destacado na regi\u00e3o Sul da Bahia.<\/h3>\n<h3 style=\"text-align: justify\">Para Bambu e Thalita esse resultado tr\u00e1s ainda mais motiva\u00e7\u00e3o para continuarem esse trabalho que vem sendo realizado com amor, seriedade e empatia, transformando a necessidade da popula\u00e7\u00e3o em a\u00e7\u00f5es concretas! \u00c9 a certeza que est\u00e3o trilhando o caminho certo!<\/h3>\n","protected":false},"excerpt":{"rendered":"<p>O Prefeito Hermanio Bambu, juntamente com a vice-prefeita Thalita Silveira e toda equipe de governo, tiveram aprova\u00e7\u00e3o de 80% da sua gest\u00e3o, avaliada pela popula\u00e7\u00e3o florestense. O resultado mostra a compet\u00eancia desse governo e a confian\u00e7a que a popula\u00e7\u00e3o de Floresta Azul, Coquinhos e Zona Rural depositam nessa gest\u00e3o, que tem se destacado na regi\u00e3o [&hellip;]<\/p>\n","protected":false},"author":992,"featured_media":193519,"comment_status":"open","ping_status":"closed","sticky":false,"template":"","format":"standard","meta":{"footnotes":"","_links_to":"","_links_to_target":""},"categories":[3],"tags":[],"class_list":["post-193518","post","type-post","status-publish","format-standard","has-post-thumbnail","hentry","category-cidades"],"views":190,"_links":{"self":[{"href":"https:\/\/www.politicosdosuldabahia.com.br\/v1\/wp-json\/wp\/v2\/posts\/193518"}],"collection":[{"href":"https:\/\/www.politicosdosuldabahia.com.br\/v1\/wp-json\/wp\/v2\/posts"}],"about":[{"href":"https:\/\/www.politicosdosuldabahia.com.br\/v1\/wp-json\/wp\/v2\/types\/post"}],"author":[{"embeddable":true,"href":"https:\/\/www.politicosdosuldabahia.com.br\/v1\/wp-json\/wp\/v2\/users\/992"}],"replies":[{"embeddable":true,"href":"https:\/\/www.politicosdosuldabahia.com.br\/v1\/wp-json\/wp\/v2\/comments?post=193518"}],"version-history":[{"count":1,"href":"https:\/\/www.politicosdosuldabahia.com.br\/v1\/wp-json\/wp\/v2\/posts\/193518\/revisions"}],"predecessor-version":[{"id":193520,"href":"https:\/\/www.politicosdosuldabahia.com.br\/v1\/wp-json\/wp\/v2\/posts\/193518\/revisions\/193520"}],"wp:featuredmedia":[{"embeddable":true,"href":"https:\/\/www.politicosdosuldabahia.com.br\/v1\/wp-json\/wp\/v2\/media\/193519"}],"wp:attachment":[{"href":"https:\/\/www.politicosdosuldabahia.com.br\/v1\/wp-json\/wp\/v2\/media?parent=193518"}],"wp:term":[{"taxonomy":"category","embeddable":true,"href":"https:\/\/www.politicosdosuldabahia.com.br\/v1\/wp-json\/wp\/v2\/categories?post=193518"},{"taxonomy":"post_tag","embeddable":true,"href":"https:\/\/www.politicosdosuldabahia.com.br\/v1\/wp-json\/wp\/v2\/tags?post=193518"}],"curies":[{"name":"wp","href":"https:\/\/api.w.org\/{rel}","templated":true}]}}