
{"id":193515,"date":"2025-09-24T19:17:58","date_gmt":"2025-09-24T22:17:58","guid":{"rendered":"https:\/\/www.politicosdosuldabahia.com.br\/v1\/?p=193515"},"modified":"2025-09-24T19:17:58","modified_gmt":"2025-09-24T22:17:58","slug":"buerarema-inovacao-tradicao-e-grandes-atracoes-marcam-a-maior-edicao-da-historia-da-festa-da-farinha","status":"publish","type":"post","link":"https:\/\/www.politicosdosuldabahia.com.br\/v1\/2025\/09\/24\/buerarema-inovacao-tradicao-e-grandes-atracoes-marcam-a-maior-edicao-da-historia-da-festa-da-farinha\/","title":{"rendered":"BUERAREMA: INOVA\u00c7\u00c3O, TRADI\u00c7\u00c3O E GRANDES ATRA\u00c7\u00d5ES MARCAM A MAIOR EDI\u00c7\u00c3O DA HIST\u00d3RIA DA FESTA DA FARINHA"},"content":{"rendered":"<p><img loading=\"lazy\" decoding=\"async\" class=\"alignnone size-full wp-image-193516 aligncenter\" src=\"http:\/\/www.politicosdosuldabahia.com.br\/v1\/wp-content\/uploads\/2025\/09\/DSC_9303.jpg\" alt=\"\" width=\"455\" height=\"303\" srcset=\"https:\/\/www.politicosdosuldabahia.com.br\/v1\/wp-content\/uploads\/2025\/09\/DSC_9303.jpg 455w, https:\/\/www.politicosdosuldabahia.com.br\/v1\/wp-content\/uploads\/2025\/09\/DSC_9303-300x200.jpg 300w\" sizes=\"(max-width: 455px) 100vw, 455px\" \/><\/p>\n<h3 style=\"text-align: justify\">A Festa da Farinha de Buerarema 2025 entrou para a hist\u00f3ria como a edi\u00e7\u00e3o mais inovadora e grandiosa j\u00e1 realizada. Com uma megaestrutura in\u00e9dita na cidade, a festa trouxe o primeiro palco girat\u00f3rio, ilumina\u00e7\u00e3o e sonoriza\u00e7\u00e3o de \u00faltima gera\u00e7\u00e3o, al\u00e9m de pain\u00e9is de LED de alta tecnologia que encantaram o p\u00fablico.<\/h3>\n<h3 style=\"text-align: justify\">Um dos grandes diferenciais foi justamente o palco girat\u00f3rio, que surpreendeu n\u00e3o s\u00f3 os foli\u00f5es, mas tamb\u00e9m grandes nomes da m\u00fasica nacional. Simone Mendes e L\u00e9o Santana destacaram a inova\u00e7\u00e3o durante suas apresenta\u00e7\u00f5es, elogiando a estrutura e o cuidado com o evento.<\/h3>\n<h3 style=\"text-align: justify\">Outro marco desta edi\u00e7\u00e3o foi a transmiss\u00e3o ao vivo pelo YouTube, com entrevistas exclusivas de autoridades e artistas, exibida tamb\u00e9m em tel\u00f5es espalhados pelo circuito, aproximando ainda mais os foli\u00f5es da festa.<\/h3>\n<h3 style=\"text-align: justify\"><\/h3>\n<h3 style=\"text-align: justify\"><strong>GRANDES ATRA\u00c7\u00d5ES<\/strong><\/h3>\n<h3 style=\"text-align: justify\">O p\u00fablico vibrou com shows inesquec\u00edveis de Simone Mendes, Calcinha Preta, L\u00e9o Santana, Toque Dez e Igor Kann\u00e1rio, que levaram multid\u00f5es a cantar e dan\u00e7ar em uma atmosfera de pura celebra\u00e7\u00e3o.<\/h3>\n<h3 style=\"text-align: justify\">A festa tamb\u00e9m valorizou os talentos da terra, que tiveram grande espa\u00e7o na programa\u00e7\u00e3o: Pagode do Pri, Fuzu\u00e1, Farofa de Cuscuz, Cl\u00e1udia Ferreira, Hellen Dias, F\u00e1brica da Sofr\u00eancia, Os Apaixonados, Fernando Barros, Zenrique, Dod\u00f3 Show e ainda o show in\u00e9dito de Marcelo Ganem emocionaram o p\u00fablico e mostraram a for\u00e7a da cultura local.<\/h3>\n<h3 style=\"text-align: justify\"><\/h3>\n<h3 style=\"text-align: justify\"><strong>CONCURSO DA MELHOR TORRA DE FARINHA E ABERTURA CULTURAL<\/strong><\/h3>\n<h3 style=\"text-align: justify\">A abertura aconteceu na Pra\u00e7a do Machadinho, no dia do anivers\u00e1rio da cidade \u2013 66 anos de emancipa\u00e7\u00e3o pol\u00edtica com o tradicional Concurso da Mlehor Torra, que premiou os melhores mestres da farinha nas categorias forno mec\u00e2nico e forno manual \u2014 uma celebra\u00e7\u00e3o \u00e0 tradi\u00e7\u00e3o que mant\u00e9m viva a identidade cultural de Buerarema.<\/h3>\n<h3 style=\"text-align: justify\"><\/h3>\n<h3 style=\"text-align: justify\"><strong>FESTA COM RESPONSABILIDADE SOCIAL<\/strong><\/h3>\n<h3 style=\"text-align: justify\">Outro ponto alto foi o apoio aos catadores de reciclagem em parceria com os Agentes Ambientais e Catadores de Materiais Reutiliz\u00e1veis e \u00a0Recicl\u00e1veis de Itabuna &#8211; AACRI e a Defensoria P\u00fablica, garantindo inclus\u00e3o social, sustentabilidade e gera\u00e7\u00e3o de renda durante o evento.<\/h3>\n<h3 style=\"text-align: justify\"><\/h3>\n<h3 style=\"text-align: justify\"><strong>APOIO E PARCERIAS<\/strong><\/h3>\n<h3 style=\"text-align: justify\">A Festa da Farinha 2025 contou com o apoio do Governo do Estado da Bahia, por meio da Secretaria de Turismo (Setur), e tamb\u00e9m de grandes parceiros do setor privado: a Brasil Nutri Ambiental, l\u00edder em gerenciamento de res\u00edduos, e a Vista do Vale, refer\u00eancia em tecnologia e nutri\u00e7\u00e3o animal, que vem gerando emprego e renda em Buerarema.<\/h3>\n<p>&nbsp;<\/p>\n<h3 style=\"text-align: justify\"><strong>PAZ E ALEGRIA<\/strong><\/h3>\n<h3 style=\"text-align: justify\">Marcada pela alegria e clima de paz, a festa consolidou-se como um dos maiores eventos culturais da regi\u00e3o, onde tradi\u00e7\u00e3o e inova\u00e7\u00e3o caminharam juntas, reafirmando o t\u00edtulo de \u201cA melhor de todos os tempos.\u201d<\/h3>\n<h3 style=\"text-align: justify\"><\/h3>\n","protected":false},"excerpt":{"rendered":"<p>A Festa da Farinha de Buerarema 2025 entrou para a hist\u00f3ria como a edi\u00e7\u00e3o mais inovadora e grandiosa j\u00e1 realizada. Com uma megaestrutura in\u00e9dita na cidade, a festa trouxe o primeiro palco girat\u00f3rio, ilumina\u00e7\u00e3o e sonoriza\u00e7\u00e3o de \u00faltima gera\u00e7\u00e3o, al\u00e9m de pain\u00e9is de LED de alta tecnologia que encantaram o p\u00fablico. Um dos grandes diferenciais [&hellip;]<\/p>\n","protected":false},"author":992,"featured_media":193516,"comment_status":"open","ping_status":"closed","sticky":false,"template":"","format":"standard","meta":{"footnotes":"","_links_to":"","_links_to_target":""},"categories":[3],"tags":[],"class_list":["post-193515","post","type-post","status-publish","format-standard","has-post-thumbnail","hentry","category-cidades"],"views":209,"_links":{"self":[{"href":"https:\/\/www.politicosdosuldabahia.com.br\/v1\/wp-json\/wp\/v2\/posts\/193515"}],"collection":[{"href":"https:\/\/www.politicosdosuldabahia.com.br\/v1\/wp-json\/wp\/v2\/posts"}],"about":[{"href":"https:\/\/www.politicosdosuldabahia.com.br\/v1\/wp-json\/wp\/v2\/types\/post"}],"author":[{"embeddable":true,"href":"https:\/\/www.politicosdosuldabahia.com.br\/v1\/wp-json\/wp\/v2\/users\/992"}],"replies":[{"embeddable":true,"href":"https:\/\/www.politicosdosuldabahia.com.br\/v1\/wp-json\/wp\/v2\/comments?post=193515"}],"version-history":[{"count":1,"href":"https:\/\/www.politicosdosuldabahia.com.br\/v1\/wp-json\/wp\/v2\/posts\/193515\/revisions"}],"predecessor-version":[{"id":193517,"href":"https:\/\/www.politicosdosuldabahia.com.br\/v1\/wp-json\/wp\/v2\/posts\/193515\/revisions\/193517"}],"wp:featuredmedia":[{"embeddable":true,"href":"https:\/\/www.politicosdosuldabahia.com.br\/v1\/wp-json\/wp\/v2\/media\/193516"}],"wp:attachment":[{"href":"https:\/\/www.politicosdosuldabahia.com.br\/v1\/wp-json\/wp\/v2\/media?parent=193515"}],"wp:term":[{"taxonomy":"category","embeddable":true,"href":"https:\/\/www.politicosdosuldabahia.com.br\/v1\/wp-json\/wp\/v2\/categories?post=193515"},{"taxonomy":"post_tag","embeddable":true,"href":"https:\/\/www.politicosdosuldabahia.com.br\/v1\/wp-json\/wp\/v2\/tags?post=193515"}],"curies":[{"name":"wp","href":"https:\/\/api.w.org\/{rel}","templated":true}]}}