
{"id":193510,"date":"2025-09-24T18:22:27","date_gmt":"2025-09-24T21:22:27","guid":{"rendered":"https:\/\/www.politicosdosuldabahia.com.br\/v1\/?p=193510"},"modified":"2025-09-24T18:47:27","modified_gmt":"2025-09-24T21:47:27","slug":"ubaitaba-prefeitura-inicia-operacao-tapa-buraco-na-estrada-de-faisqueira","status":"publish","type":"post","link":"https:\/\/www.politicosdosuldabahia.com.br\/v1\/2025\/09\/24\/ubaitaba-prefeitura-inicia-operacao-tapa-buraco-na-estrada-de-faisqueira\/","title":{"rendered":"UBAITABA: PREFEITURA INICIA OPERA\u00c7\u00c3O TAPA-BURACO NA ESTRADA DE FAISQUEIRA"},"content":{"rendered":"<p><img loading=\"lazy\" decoding=\"async\" class=\"size-full wp-image-193511 aligncenter\" src=\"http:\/\/www.politicosdosuldabahia.com.br\/v1\/wp-content\/uploads\/2025\/09\/WhatsApp-Image-2025-09-24-at-13.34.24.jpeg\" alt=\"\" width=\"455\" height=\"341\" srcset=\"https:\/\/www.politicosdosuldabahia.com.br\/v1\/wp-content\/uploads\/2025\/09\/WhatsApp-Image-2025-09-24-at-13.34.24.jpeg 455w, https:\/\/www.politicosdosuldabahia.com.br\/v1\/wp-content\/uploads\/2025\/09\/WhatsApp-Image-2025-09-24-at-13.34.24-300x225.jpeg 300w, https:\/\/www.politicosdosuldabahia.com.br\/v1\/wp-content\/uploads\/2025\/09\/WhatsApp-Image-2025-09-24-at-13.34.24-400x300.jpeg 400w\" sizes=\"(max-width: 455px) 100vw, 455px\" \/><\/p>\n<h3 style=\"text-align: justify\">A Prefeitura Municipal deu in\u00edcio, nesta quarta-feira (24), \u00e0 Opera\u00e7\u00e3o Tapa-Buraco. A primeira etapa est\u00e1 sendo executada na estrada de Faisqueira, ponto estrat\u00e9gico para o escoamento da produ\u00e7\u00e3o local e o deslocamento di\u00e1rio de moradores.<\/h3>\n<h3 style=\"text-align: justify\">Segundo a administra\u00e7\u00e3o municipal, o objetivo da a\u00e7\u00e3o \u00e9 promover a recupera\u00e7\u00e3o da malha vi\u00e1ria, garantindo melhores condi\u00e7\u00f5es de tr\u00e1fego e maior seguran\u00e7a para condutores e pedestres. Os servi\u00e7os incluem a aplica\u00e7\u00e3o de massa asf\u00e1ltica em trechos danificados, a fim de corrigir irregularidades e aumentar a durabilidade das vias.<\/h3>\n<h3 style=\"text-align: justify\">Ainda conforme a gest\u00e3o, a opera\u00e7\u00e3o ser\u00e1 gradualmente expandida para outras estradas e bairros do munic\u00edpio, contemplando \u00e1reas cr\u00edticas que necessitam de interven\u00e7\u00e3o imediata.<\/h3>\n<h3 style=\"text-align: justify\">A iniciativa integra o cronograma de manuten\u00e7\u00e3o da infraestrutura urbana e rural, refor\u00e7ando o compromisso da Prefeitura com a melhoria da mobilidade e da qualidade de vida da popula\u00e7\u00e3o.<\/h3>\n","protected":false},"excerpt":{"rendered":"<p>A Prefeitura Municipal deu in\u00edcio, nesta quarta-feira (24), \u00e0 Opera\u00e7\u00e3o Tapa-Buraco. A primeira etapa est\u00e1 sendo executada na estrada de Faisqueira, ponto estrat\u00e9gico para o escoamento da produ\u00e7\u00e3o local e o deslocamento di\u00e1rio de moradores. Segundo a administra\u00e7\u00e3o municipal, o objetivo da a\u00e7\u00e3o \u00e9 promover a recupera\u00e7\u00e3o da malha vi\u00e1ria, garantindo melhores condi\u00e7\u00f5es de tr\u00e1fego [&hellip;]<\/p>\n","protected":false},"author":992,"featured_media":193511,"comment_status":"open","ping_status":"closed","sticky":false,"template":"","format":"standard","meta":{"footnotes":"","_links_to":"","_links_to_target":""},"categories":[3],"tags":[],"class_list":["post-193510","post","type-post","status-publish","format-standard","has-post-thumbnail","hentry","category-cidades"],"views":166,"_links":{"self":[{"href":"https:\/\/www.politicosdosuldabahia.com.br\/v1\/wp-json\/wp\/v2\/posts\/193510"}],"collection":[{"href":"https:\/\/www.politicosdosuldabahia.com.br\/v1\/wp-json\/wp\/v2\/posts"}],"about":[{"href":"https:\/\/www.politicosdosuldabahia.com.br\/v1\/wp-json\/wp\/v2\/types\/post"}],"author":[{"embeddable":true,"href":"https:\/\/www.politicosdosuldabahia.com.br\/v1\/wp-json\/wp\/v2\/users\/992"}],"replies":[{"embeddable":true,"href":"https:\/\/www.politicosdosuldabahia.com.br\/v1\/wp-json\/wp\/v2\/comments?post=193510"}],"version-history":[{"count":2,"href":"https:\/\/www.politicosdosuldabahia.com.br\/v1\/wp-json\/wp\/v2\/posts\/193510\/revisions"}],"predecessor-version":[{"id":193513,"href":"https:\/\/www.politicosdosuldabahia.com.br\/v1\/wp-json\/wp\/v2\/posts\/193510\/revisions\/193513"}],"wp:featuredmedia":[{"embeddable":true,"href":"https:\/\/www.politicosdosuldabahia.com.br\/v1\/wp-json\/wp\/v2\/media\/193511"}],"wp:attachment":[{"href":"https:\/\/www.politicosdosuldabahia.com.br\/v1\/wp-json\/wp\/v2\/media?parent=193510"}],"wp:term":[{"taxonomy":"category","embeddable":true,"href":"https:\/\/www.politicosdosuldabahia.com.br\/v1\/wp-json\/wp\/v2\/categories?post=193510"},{"taxonomy":"post_tag","embeddable":true,"href":"https:\/\/www.politicosdosuldabahia.com.br\/v1\/wp-json\/wp\/v2\/tags?post=193510"}],"curies":[{"name":"wp","href":"https:\/\/api.w.org\/{rel}","templated":true}]}}