
{"id":193503,"date":"2025-09-24T18:18:36","date_gmt":"2025-09-24T21:18:36","guid":{"rendered":"https:\/\/www.politicosdosuldabahia.com.br\/v1\/?p=193503"},"modified":"2025-09-24T18:18:36","modified_gmt":"2025-09-24T21:18:36","slug":"coaraci-aprovacao-de-787-reforca-confianca-da-populacao-na-gestao-miltinho","status":"publish","type":"post","link":"https:\/\/www.politicosdosuldabahia.com.br\/v1\/2025\/09\/24\/coaraci-aprovacao-de-787-reforca-confianca-da-populacao-na-gestao-miltinho\/","title":{"rendered":"COARACI: APROVA\u00c7\u00c3O DE 78,7% REFOR\u00c7A CONFIAN\u00c7A DA POPULA\u00c7\u00c3O NA GEST\u00c3O MILTINHO"},"content":{"rendered":"<p><img loading=\"lazy\" decoding=\"async\" class=\"wp-image-193504 aligncenter\" src=\"http:\/\/www.politicosdosuldabahia.com.br\/v1\/wp-content\/uploads\/2025\/09\/WhatsApp-Image-2025-09-24-at-17.31.22.jpeg\" alt=\"\" width=\"303\" height=\"455\" srcset=\"https:\/\/www.politicosdosuldabahia.com.br\/v1\/wp-content\/uploads\/2025\/09\/WhatsApp-Image-2025-09-24-at-17.31.22.jpeg 1066w, https:\/\/www.politicosdosuldabahia.com.br\/v1\/wp-content\/uploads\/2025\/09\/WhatsApp-Image-2025-09-24-at-17.31.22-200x300.jpeg 200w, https:\/\/www.politicosdosuldabahia.com.br\/v1\/wp-content\/uploads\/2025\/09\/WhatsApp-Image-2025-09-24-at-17.31.22-682x1024.jpeg 682w, https:\/\/www.politicosdosuldabahia.com.br\/v1\/wp-content\/uploads\/2025\/09\/WhatsApp-Image-2025-09-24-at-17.31.22-768x1153.jpeg 768w, https:\/\/www.politicosdosuldabahia.com.br\/v1\/wp-content\/uploads\/2025\/09\/WhatsApp-Image-2025-09-24-at-17.31.22-1023x1536.jpeg 1023w\" sizes=\"(max-width: 303px) 100vw, 303px\" \/><\/p>\n<h3 style=\"text-align: justify\">A pesquisa de avalia\u00e7\u00e3o realizada pela Rede Portal entre os dias 14 e 18 de setembro de 2025 apontou que a gest\u00e3o municipal de Coaraci alcan\u00e7ou 78,7% de aprova\u00e7\u00e3o. O levantamento, divulgado nesta quarta-feira (24\/09\/2025), ouviu 530 entrevistados, com intervalo de confian\u00e7a de 95% e margem de erro de 3,5%.<\/h3>\n<h3 style=\"text-align: justify\">Para o prefeito Miltinho, o resultado refor\u00e7a a confian\u00e7a da popula\u00e7\u00e3o no trabalho realizado:<\/h3>\n<h3 style=\"text-align: justify\">\u201cRecebo com humildade e alegria esses n\u00fameros que mostram a aprova\u00e7\u00e3o da nossa gente. Esse \u00e9 o reconhecimento do esfor\u00e7o de toda a equipe e tamb\u00e9m um compromisso renovado de continuar cuidando de Coaraci com responsabilidade e dedica\u00e7\u00e3o.\u201d<\/h3>\n<h3 style=\"text-align: justify\">Segundo a Rede Portal, os dados confirmam que a atual administra\u00e7\u00e3o mant\u00e9m um dos mais altos \u00edndices de aprova\u00e7\u00e3o popular na regi\u00e3o, mesmo diante de grandes desafios.<\/h3>\n","protected":false},"excerpt":{"rendered":"<p>A pesquisa de avalia\u00e7\u00e3o realizada pela Rede Portal entre os dias 14 e 18 de setembro de 2025 apontou que a gest\u00e3o municipal de Coaraci alcan\u00e7ou 78,7% de aprova\u00e7\u00e3o. O levantamento, divulgado nesta quarta-feira (24\/09\/2025), ouviu 530 entrevistados, com intervalo de confian\u00e7a de 95% e margem de erro de 3,5%. Para o prefeito Miltinho, o [&hellip;]<\/p>\n","protected":false},"author":992,"featured_media":193504,"comment_status":"open","ping_status":"closed","sticky":false,"template":"","format":"standard","meta":{"footnotes":"","_links_to":"","_links_to_target":""},"categories":[3],"tags":[],"class_list":["post-193503","post","type-post","status-publish","format-standard","has-post-thumbnail","hentry","category-cidades"],"views":266,"_links":{"self":[{"href":"https:\/\/www.politicosdosuldabahia.com.br\/v1\/wp-json\/wp\/v2\/posts\/193503"}],"collection":[{"href":"https:\/\/www.politicosdosuldabahia.com.br\/v1\/wp-json\/wp\/v2\/posts"}],"about":[{"href":"https:\/\/www.politicosdosuldabahia.com.br\/v1\/wp-json\/wp\/v2\/types\/post"}],"author":[{"embeddable":true,"href":"https:\/\/www.politicosdosuldabahia.com.br\/v1\/wp-json\/wp\/v2\/users\/992"}],"replies":[{"embeddable":true,"href":"https:\/\/www.politicosdosuldabahia.com.br\/v1\/wp-json\/wp\/v2\/comments?post=193503"}],"version-history":[{"count":1,"href":"https:\/\/www.politicosdosuldabahia.com.br\/v1\/wp-json\/wp\/v2\/posts\/193503\/revisions"}],"predecessor-version":[{"id":193505,"href":"https:\/\/www.politicosdosuldabahia.com.br\/v1\/wp-json\/wp\/v2\/posts\/193503\/revisions\/193505"}],"wp:featuredmedia":[{"embeddable":true,"href":"https:\/\/www.politicosdosuldabahia.com.br\/v1\/wp-json\/wp\/v2\/media\/193504"}],"wp:attachment":[{"href":"https:\/\/www.politicosdosuldabahia.com.br\/v1\/wp-json\/wp\/v2\/media?parent=193503"}],"wp:term":[{"taxonomy":"category","embeddable":true,"href":"https:\/\/www.politicosdosuldabahia.com.br\/v1\/wp-json\/wp\/v2\/categories?post=193503"},{"taxonomy":"post_tag","embeddable":true,"href":"https:\/\/www.politicosdosuldabahia.com.br\/v1\/wp-json\/wp\/v2\/tags?post=193503"}],"curies":[{"name":"wp","href":"https:\/\/api.w.org\/{rel}","templated":true}]}}