
{"id":193500,"date":"2025-09-24T13:14:47","date_gmt":"2025-09-24T16:14:47","guid":{"rendered":"https:\/\/www.politicosdosuldabahia.com.br\/v1\/?p=193500"},"modified":"2025-09-24T13:14:47","modified_gmt":"2025-09-24T16:14:47","slug":"firmino-alves-morreu-o-pecuarista-manoel-cunha","status":"publish","type":"post","link":"https:\/\/www.politicosdosuldabahia.com.br\/v1\/2025\/09\/24\/firmino-alves-morreu-o-pecuarista-manoel-cunha\/","title":{"rendered":"FIRMINO ALVES: MORREU O PECUARISTA MANOEL CUNHA"},"content":{"rendered":"<p><img loading=\"lazy\" decoding=\"async\" class=\"wp-image-193501 aligncenter\" src=\"http:\/\/www.politicosdosuldabahia.com.br\/v1\/wp-content\/uploads\/2025\/09\/WhatsApp-Image-2025-09-24-at-13.11.02.jpeg\" alt=\"\" width=\"270\" height=\"455\" srcset=\"https:\/\/www.politicosdosuldabahia.com.br\/v1\/wp-content\/uploads\/2025\/09\/WhatsApp-Image-2025-09-24-at-13.11.02.jpeg 744w, https:\/\/www.politicosdosuldabahia.com.br\/v1\/wp-content\/uploads\/2025\/09\/WhatsApp-Image-2025-09-24-at-13.11.02-178x300.jpeg 178w, https:\/\/www.politicosdosuldabahia.com.br\/v1\/wp-content\/uploads\/2025\/09\/WhatsApp-Image-2025-09-24-at-13.11.02-607x1024.jpeg 607w\" sizes=\"(max-width: 270px) 100vw, 270px\" \/><\/p>\n<p>&nbsp;<\/p>\n<h3 style=\"text-align: justify\">Faleceu nesta quarta-feira (24) o pecuarista Manoel Cunha, uma das personalidades mais conhecidas da regi\u00e3o. Ele era pai do ex-prefeito Lero Cunha e do atual vice-prefeito Vailson Cunha.<\/h3>\n<h3 style=\"text-align: justify\">Manoel Cunha era um dos pecuaristas mais tradicionais e respeitados do munic\u00edpio de Firmino Alves, com trajet\u00f3ria marcada pela contribui\u00e7\u00e3o ao desenvolvimento local.<\/h3>\n","protected":false},"excerpt":{"rendered":"<p>&nbsp; Faleceu nesta quarta-feira (24) o pecuarista Manoel Cunha, uma das personalidades mais conhecidas da regi\u00e3o. Ele era pai do ex-prefeito Lero Cunha e do atual vice-prefeito Vailson Cunha. Manoel Cunha era um dos pecuaristas mais tradicionais e respeitados do munic\u00edpio de Firmino Alves, com trajet\u00f3ria marcada pela contribui\u00e7\u00e3o ao desenvolvimento local.<\/p>\n","protected":false},"author":992,"featured_media":193501,"comment_status":"open","ping_status":"closed","sticky":false,"template":"","format":"standard","meta":{"footnotes":"","_links_to":"","_links_to_target":""},"categories":[3],"tags":[],"class_list":["post-193500","post","type-post","status-publish","format-standard","has-post-thumbnail","hentry","category-cidades"],"views":344,"_links":{"self":[{"href":"https:\/\/www.politicosdosuldabahia.com.br\/v1\/wp-json\/wp\/v2\/posts\/193500"}],"collection":[{"href":"https:\/\/www.politicosdosuldabahia.com.br\/v1\/wp-json\/wp\/v2\/posts"}],"about":[{"href":"https:\/\/www.politicosdosuldabahia.com.br\/v1\/wp-json\/wp\/v2\/types\/post"}],"author":[{"embeddable":true,"href":"https:\/\/www.politicosdosuldabahia.com.br\/v1\/wp-json\/wp\/v2\/users\/992"}],"replies":[{"embeddable":true,"href":"https:\/\/www.politicosdosuldabahia.com.br\/v1\/wp-json\/wp\/v2\/comments?post=193500"}],"version-history":[{"count":1,"href":"https:\/\/www.politicosdosuldabahia.com.br\/v1\/wp-json\/wp\/v2\/posts\/193500\/revisions"}],"predecessor-version":[{"id":193502,"href":"https:\/\/www.politicosdosuldabahia.com.br\/v1\/wp-json\/wp\/v2\/posts\/193500\/revisions\/193502"}],"wp:featuredmedia":[{"embeddable":true,"href":"https:\/\/www.politicosdosuldabahia.com.br\/v1\/wp-json\/wp\/v2\/media\/193501"}],"wp:attachment":[{"href":"https:\/\/www.politicosdosuldabahia.com.br\/v1\/wp-json\/wp\/v2\/media?parent=193500"}],"wp:term":[{"taxonomy":"category","embeddable":true,"href":"https:\/\/www.politicosdosuldabahia.com.br\/v1\/wp-json\/wp\/v2\/categories?post=193500"},{"taxonomy":"post_tag","embeddable":true,"href":"https:\/\/www.politicosdosuldabahia.com.br\/v1\/wp-json\/wp\/v2\/tags?post=193500"}],"curies":[{"name":"wp","href":"https:\/\/api.w.org\/{rel}","templated":true}]}}