
{"id":193496,"date":"2025-09-24T10:58:36","date_gmt":"2025-09-24T13:58:36","guid":{"rendered":"https:\/\/www.politicosdosuldabahia.com.br\/v1\/?p=193496"},"modified":"2025-09-24T11:24:08","modified_gmt":"2025-09-24T14:24:08","slug":"porto-seguro-se-mobiliza-para-a-6a-marcha-para-jesus-no-proximo-sabado","status":"publish","type":"post","link":"https:\/\/www.politicosdosuldabahia.com.br\/v1\/2025\/09\/24\/porto-seguro-se-mobiliza-para-a-6a-marcha-para-jesus-no-proximo-sabado\/","title":{"rendered":"PORTO SEGURO SE MOBILIZA PARA A 6\u00aa MARCHA PARA JESUS NO PR\u00d3XIMO S\u00c1BADO"},"content":{"rendered":"<p><img loading=\"lazy\" decoding=\"async\" class=\"alignnone size-full wp-image-193497 aligncenter\" src=\"http:\/\/www.politicosdosuldabahia.com.br\/v1\/wp-content\/uploads\/2025\/09\/WhatsApp-Image-2025-09-24-at-10.53.36.jpeg\" alt=\"\" width=\"364\" height=\"455\" srcset=\"https:\/\/www.politicosdosuldabahia.com.br\/v1\/wp-content\/uploads\/2025\/09\/WhatsApp-Image-2025-09-24-at-10.53.36.jpeg 364w, https:\/\/www.politicosdosuldabahia.com.br\/v1\/wp-content\/uploads\/2025\/09\/WhatsApp-Image-2025-09-24-at-10.53.36-240x300.jpeg 240w\" sizes=\"(max-width: 364px) 100vw, 364px\" \/><\/p>\n<h3 style=\"text-align: justify\">Porto Seguro j\u00e1 vive a expectativa para a 6\u00aa edi\u00e7\u00e3o da Marcha Para Jesus, que acontece no pr\u00f3ximo dia 27 de setembro, s\u00e1bado. O evento que tem total apoio da Prefeitura de Porto Seguro, re\u00fane milhares de fi\u00e9is e j\u00e1 se consolidou como refer\u00eancia no turismo religioso da regi\u00e3o.<\/h3>\n<h3 style=\"text-align: justify\">A Marcha conta com a participa\u00e7\u00e3o de diversas igrejas, entre elas Omeps, Justificado pela F\u00e9, Despertar D\u00e9boras e \u00c1guias de Ouro, al\u00e9m de fi\u00e9is de cidades vizinhas e turistas que visitam o munic\u00edpio especialmente para o ato de f\u00e9.<\/h3>\n<h3 style=\"text-align: justify\">Em v\u00eddeo divulgado nas redes sociais, o prefeito J\u00e2nio Natal refor\u00e7ou o convite a toda a popula\u00e7\u00e3o: \u201cAmigos e amigas, deixo aqui o meu convite para que todos possam estar juntos para que nosso dia, nosso munic\u00edpio e nossas fam\u00edlias sejam sempre aben\u00e7oadas.\u201d<\/h3>\n<h3 style=\"text-align: justify\">A concentra\u00e7\u00e3o ser\u00e1 a partir das 16h30 no Col\u00e9gio Anchieta, com percurso pela Avenida dos Navegantes e Avenida 22 de Abril at\u00e9 a Passarela da Cultura. A programa\u00e7\u00e3o contar\u00e1 com apresenta\u00e7\u00f5es da banda Aviva e da cantora Vanessa, que conduzir\u00e3o os momentos de louvor. \u201cSer\u00e1 um ato de f\u00e9 que une comunidade, cultura e esperan\u00e7a em Cristo\u201d, destacou o secret\u00e1rio Guto Jones.<\/h3>\n","protected":false},"excerpt":{"rendered":"<p>Porto Seguro j\u00e1 vive a expectativa para a 6\u00aa edi\u00e7\u00e3o da Marcha Para Jesus, que acontece no pr\u00f3ximo dia 27 de setembro, s\u00e1bado. O evento que tem total apoio da Prefeitura de Porto Seguro, re\u00fane milhares de fi\u00e9is e j\u00e1 se consolidou como refer\u00eancia no turismo religioso da regi\u00e3o. A Marcha conta com a participa\u00e7\u00e3o [&hellip;]<\/p>\n","protected":false},"author":992,"featured_media":193497,"comment_status":"open","ping_status":"closed","sticky":false,"template":"","format":"standard","meta":{"footnotes":"","_links_to":"","_links_to_target":""},"categories":[3],"tags":[],"class_list":["post-193496","post","type-post","status-publish","format-standard","has-post-thumbnail","hentry","category-cidades"],"views":260,"_links":{"self":[{"href":"https:\/\/www.politicosdosuldabahia.com.br\/v1\/wp-json\/wp\/v2\/posts\/193496"}],"collection":[{"href":"https:\/\/www.politicosdosuldabahia.com.br\/v1\/wp-json\/wp\/v2\/posts"}],"about":[{"href":"https:\/\/www.politicosdosuldabahia.com.br\/v1\/wp-json\/wp\/v2\/types\/post"}],"author":[{"embeddable":true,"href":"https:\/\/www.politicosdosuldabahia.com.br\/v1\/wp-json\/wp\/v2\/users\/992"}],"replies":[{"embeddable":true,"href":"https:\/\/www.politicosdosuldabahia.com.br\/v1\/wp-json\/wp\/v2\/comments?post=193496"}],"version-history":[{"count":1,"href":"https:\/\/www.politicosdosuldabahia.com.br\/v1\/wp-json\/wp\/v2\/posts\/193496\/revisions"}],"predecessor-version":[{"id":193498,"href":"https:\/\/www.politicosdosuldabahia.com.br\/v1\/wp-json\/wp\/v2\/posts\/193496\/revisions\/193498"}],"wp:featuredmedia":[{"embeddable":true,"href":"https:\/\/www.politicosdosuldabahia.com.br\/v1\/wp-json\/wp\/v2\/media\/193497"}],"wp:attachment":[{"href":"https:\/\/www.politicosdosuldabahia.com.br\/v1\/wp-json\/wp\/v2\/media?parent=193496"}],"wp:term":[{"taxonomy":"category","embeddable":true,"href":"https:\/\/www.politicosdosuldabahia.com.br\/v1\/wp-json\/wp\/v2\/categories?post=193496"},{"taxonomy":"post_tag","embeddable":true,"href":"https:\/\/www.politicosdosuldabahia.com.br\/v1\/wp-json\/wp\/v2\/tags?post=193496"}],"curies":[{"name":"wp","href":"https:\/\/api.w.org\/{rel}","templated":true}]}}