
{"id":193493,"date":"2025-09-24T09:28:12","date_gmt":"2025-09-24T12:28:12","guid":{"rendered":"https:\/\/www.politicosdosuldabahia.com.br\/v1\/?p=193493"},"modified":"2025-09-24T09:28:12","modified_gmt":"2025-09-24T12:28:12","slug":"cvr-costa-do-cacau-promove-acoes-ambientais-em-comemoracao-ao-dia-da-arvore-e-ao-dia-mundial-da-limpeza","status":"publish","type":"post","link":"https:\/\/www.politicosdosuldabahia.com.br\/v1\/2025\/09\/24\/cvr-costa-do-cacau-promove-acoes-ambientais-em-comemoracao-ao-dia-da-arvore-e-ao-dia-mundial-da-limpeza\/","title":{"rendered":"CVR COSTA DO CACAU PROMOVE A\u00c7\u00d5ES AMBIENTAIS EM COMEMORA\u00c7\u00c3O AO DIA DA \u00c1RVORE E AO DIA MUNDIAL DA LIMPEZA"},"content":{"rendered":"<p><img loading=\"lazy\" decoding=\"async\" class=\"aligncenter wp-image-193494\" src=\"http:\/\/www.politicosdosuldabahia.com.br\/v1\/wp-content\/uploads\/2025\/09\/WhatsApp-Image-2025-09-24-at-09.14.34.jpeg\" alt=\"\" width=\"455\" height=\"253\" srcset=\"https:\/\/www.politicosdosuldabahia.com.br\/v1\/wp-content\/uploads\/2025\/09\/WhatsApp-Image-2025-09-24-at-09.14.34.jpeg 697w, https:\/\/www.politicosdosuldabahia.com.br\/v1\/wp-content\/uploads\/2025\/09\/WhatsApp-Image-2025-09-24-at-09.14.34-300x167.jpeg 300w\" sizes=\"(max-width: 455px) 100vw, 455px\" \/><\/p>\n<h3 style=\"text-align: justify\">A CVR Costa do Cacau realizou uma ampla programa\u00e7\u00e3o em homenagem ao Dia da \u00c1rvore (21 de setembro) e ao Dia Mundial da Limpeza (World Cleanup Day, 20 de setembro), mobilizando comunidades escolares, organiza\u00e7\u00f5es da sociedade civil e empresas parceiras em Itabuna, Ilh\u00e9us e Serra Grande. As a\u00e7\u00f5es foram iniciadas na sexta-feira (19), quando foi realizada uma palestra de educa\u00e7\u00e3o ambiental na Escola Municipal Verdes Campos, em Itabuna, em parceria com a empresa Biosanear. Cerca de 150 crian\u00e7as participaram da atividade, aprendendo sobre a import\u00e2ncia da coleta seletiva e da destina\u00e7\u00e3o correta dos res\u00edduos.<\/h3>\n<h3 style=\"text-align: justify\">Ap\u00f3s a palestra, colaboradores Biosanear realizaram a limpeza de uma \u00e1rea degradada e utilizada como ponto de descarte irregular de lixo em frente \u00e0 escola. Em seguida, os estudantes participaram do plantio de 20 mudas de \u00e1rvores frut\u00edferas, uma iniciativa voltada \u00e0 recupera\u00e7\u00e3o do espa\u00e7o e ao est\u00edmulo ao cuidado ambiental.<\/h3>\n<h3 style=\"text-align: justify\">A programa\u00e7\u00e3o da CVR Costa do Cacau prosseguiu nas praias do Malhado, em Ilh\u00e9us, e do Sargi, em Serra Grande-Uru\u00e7uca, com a\u00e7\u00f5es de limpeza e sensibiliza\u00e7\u00e3o da comunidade. Em Ilh\u00e9us, o Grupo Amigos da Praia liderou a mobiliza\u00e7\u00e3o, reunindo volunt\u00e1rios, organiza\u00e7\u00f5es da sociedade civil e empresas. Em apenas uma hora de atividade, foram retirados 781 quilos de res\u00edduos do litoral.<\/h3>\n<h3 style=\"text-align: justify\">J\u00e1 em Serra Grande, a a\u00e7\u00e3o foi promovida pelo coletivo norte-americano Plastic Fisherman, com apoio da CVR, que forneceu materiais e desenvolveu atividades de educa\u00e7\u00e3o ambiental voltadas para os participantes. No local foram retirados 50 quilos de vidro e 95 quilos de res\u00edduos.<\/h3>\n<h3 style=\"text-align: justify\">\n\u201cCom essas iniciativas, a CVR Costa do Cacau refor\u00e7a seu compromisso com a preserva\u00e7\u00e3o ambiental, o fortalecimento da consci\u00eancia coletiva e a promo\u00e7\u00e3o de cidades mais limpas e sustent\u00e1veis\u201d, afirma Angelica Tomassini, especialista socioambiental da empresa, que \u00e9 respons\u00e1vel pelo armazenamento correto de res\u00edduos no Sul da Bahia.<\/h3>\n","protected":false},"excerpt":{"rendered":"<p>A CVR Costa do Cacau realizou uma ampla programa\u00e7\u00e3o em homenagem ao Dia da \u00c1rvore (21 de setembro) e ao Dia Mundial da Limpeza (World Cleanup Day, 20 de setembro), mobilizando comunidades escolares, organiza\u00e7\u00f5es da sociedade civil e empresas parceiras em Itabuna, Ilh\u00e9us e Serra Grande. As a\u00e7\u00f5es foram iniciadas na sexta-feira (19), quando foi [&hellip;]<\/p>\n","protected":false},"author":992,"featured_media":193494,"comment_status":"open","ping_status":"closed","sticky":false,"template":"","format":"standard","meta":{"footnotes":"","_links_to":"","_links_to_target":""},"categories":[3],"tags":[],"class_list":["post-193493","post","type-post","status-publish","format-standard","has-post-thumbnail","hentry","category-cidades"],"views":194,"_links":{"self":[{"href":"https:\/\/www.politicosdosuldabahia.com.br\/v1\/wp-json\/wp\/v2\/posts\/193493"}],"collection":[{"href":"https:\/\/www.politicosdosuldabahia.com.br\/v1\/wp-json\/wp\/v2\/posts"}],"about":[{"href":"https:\/\/www.politicosdosuldabahia.com.br\/v1\/wp-json\/wp\/v2\/types\/post"}],"author":[{"embeddable":true,"href":"https:\/\/www.politicosdosuldabahia.com.br\/v1\/wp-json\/wp\/v2\/users\/992"}],"replies":[{"embeddable":true,"href":"https:\/\/www.politicosdosuldabahia.com.br\/v1\/wp-json\/wp\/v2\/comments?post=193493"}],"version-history":[{"count":1,"href":"https:\/\/www.politicosdosuldabahia.com.br\/v1\/wp-json\/wp\/v2\/posts\/193493\/revisions"}],"predecessor-version":[{"id":193495,"href":"https:\/\/www.politicosdosuldabahia.com.br\/v1\/wp-json\/wp\/v2\/posts\/193493\/revisions\/193495"}],"wp:featuredmedia":[{"embeddable":true,"href":"https:\/\/www.politicosdosuldabahia.com.br\/v1\/wp-json\/wp\/v2\/media\/193494"}],"wp:attachment":[{"href":"https:\/\/www.politicosdosuldabahia.com.br\/v1\/wp-json\/wp\/v2\/media?parent=193493"}],"wp:term":[{"taxonomy":"category","embeddable":true,"href":"https:\/\/www.politicosdosuldabahia.com.br\/v1\/wp-json\/wp\/v2\/categories?post=193493"},{"taxonomy":"post_tag","embeddable":true,"href":"https:\/\/www.politicosdosuldabahia.com.br\/v1\/wp-json\/wp\/v2\/tags?post=193493"}],"curies":[{"name":"wp","href":"https:\/\/api.w.org\/{rel}","templated":true}]}}