
{"id":193487,"date":"2025-09-24T08:56:19","date_gmt":"2025-09-24T11:56:19","guid":{"rendered":"https:\/\/www.politicosdosuldabahia.com.br\/v1\/?p=193487"},"modified":"2025-09-24T08:56:19","modified_gmt":"2025-09-24T11:56:19","slug":"pau-brasil-aprova-lei-orleane-bomfim-e-fortalece-a-educacao-de-jovens-adultos-e-idosos","status":"publish","type":"post","link":"https:\/\/www.politicosdosuldabahia.com.br\/v1\/2025\/09\/24\/pau-brasil-aprova-lei-orleane-bomfim-e-fortalece-a-educacao-de-jovens-adultos-e-idosos\/","title":{"rendered":"PAU BRASIL APROVA LEI ORLEANE BOMFIM E FORTALECE A EDUCA\u00c7\u00c3O DE JOVENS, ADULTOS E IDOSOS"},"content":{"rendered":"<p><img loading=\"lazy\" decoding=\"async\" class=\"wp-image-193488 aligncenter\" src=\"http:\/\/www.politicosdosuldabahia.com.br\/v1\/wp-content\/uploads\/2025\/09\/WhatsApp-Image-2025-09-23-at-20.18.16.jpeg\" alt=\"\" width=\"455\" height=\"210\" srcset=\"https:\/\/www.politicosdosuldabahia.com.br\/v1\/wp-content\/uploads\/2025\/09\/WhatsApp-Image-2025-09-23-at-20.18.16.jpeg 1280w, https:\/\/www.politicosdosuldabahia.com.br\/v1\/wp-content\/uploads\/2025\/09\/WhatsApp-Image-2025-09-23-at-20.18.16-300x139.jpeg 300w, https:\/\/www.politicosdosuldabahia.com.br\/v1\/wp-content\/uploads\/2025\/09\/WhatsApp-Image-2025-09-23-at-20.18.16-1024x473.jpeg 1024w, https:\/\/www.politicosdosuldabahia.com.br\/v1\/wp-content\/uploads\/2025\/09\/WhatsApp-Image-2025-09-23-at-20.18.16-768x355.jpeg 768w\" sizes=\"(max-width: 455px) 100vw, 455px\" \/><\/p>\n<h3 style=\"text-align: justify\">A C\u00e2mara Municipal de Pau Brasil aprovou por unanimidade, nesta ter\u00e7a-feira (23), a Lei Orleane Bomfim, considerada um marco para a Educa\u00e7\u00e3o de Jovens, Adultos e Idosos (EJAI) no munic\u00edpio.<\/h3>\n<h3 style=\"text-align: justify\">A nova lei institui a bolsa perman\u00eancia para estudantes, cria o pr\u00eamio de valoriza\u00e7\u00e3o para escolas com melhor desempenho e oficializa a mudan\u00e7a de nomenclatura de EJA para EJAI, reconhecendo tamb\u00e9m o p\u00fablico idoso.<\/h3>\n<h3 style=\"text-align: justify\">A iniciativa \u00e9 fruto da gest\u00e3o do prefeito Robson Venancio e da secret\u00e1ria de Educa\u00e7\u00e3o, Lucineide Barbosa de Ara\u00fajo Brito, com coordena\u00e7\u00e3o do professor Nilson Brasil. A sess\u00e3o contou com a presen\u00e7a de estudantes e apoio de vereadores, que destacaram o impacto da EJAI na transforma\u00e7\u00e3o de vidas.<\/h3>\n<h3 style=\"text-align: justify\">Para a secret\u00e1ria de Educa\u00e7\u00e3o, a aprova\u00e7\u00e3o representa \u201cum dia de luta, desenvolvimento e vit\u00f3rias para a educa\u00e7\u00e3o municipal\u201d.<\/h3>\n<h3 style=\"text-align: justify\">Com a nova lei, Pau Brasil refor\u00e7a o compromisso de garantir oportunidades de aprendizado e valoriza\u00e7\u00e3o a jovens, adultos e idosos que buscam recome\u00e7ar os estudos.<\/h3>\n","protected":false},"excerpt":{"rendered":"<p>A C\u00e2mara Municipal de Pau Brasil aprovou por unanimidade, nesta ter\u00e7a-feira (23), a Lei Orleane Bomfim, considerada um marco para a Educa\u00e7\u00e3o de Jovens, Adultos e Idosos (EJAI) no munic\u00edpio. A nova lei institui a bolsa perman\u00eancia para estudantes, cria o pr\u00eamio de valoriza\u00e7\u00e3o para escolas com melhor desempenho e oficializa a mudan\u00e7a de nomenclatura [&hellip;]<\/p>\n","protected":false},"author":992,"featured_media":193488,"comment_status":"open","ping_status":"closed","sticky":false,"template":"","format":"standard","meta":{"footnotes":"","_links_to":"","_links_to_target":""},"categories":[3],"tags":[],"class_list":["post-193487","post","type-post","status-publish","format-standard","has-post-thumbnail","hentry","category-cidades"],"views":225,"_links":{"self":[{"href":"https:\/\/www.politicosdosuldabahia.com.br\/v1\/wp-json\/wp\/v2\/posts\/193487"}],"collection":[{"href":"https:\/\/www.politicosdosuldabahia.com.br\/v1\/wp-json\/wp\/v2\/posts"}],"about":[{"href":"https:\/\/www.politicosdosuldabahia.com.br\/v1\/wp-json\/wp\/v2\/types\/post"}],"author":[{"embeddable":true,"href":"https:\/\/www.politicosdosuldabahia.com.br\/v1\/wp-json\/wp\/v2\/users\/992"}],"replies":[{"embeddable":true,"href":"https:\/\/www.politicosdosuldabahia.com.br\/v1\/wp-json\/wp\/v2\/comments?post=193487"}],"version-history":[{"count":1,"href":"https:\/\/www.politicosdosuldabahia.com.br\/v1\/wp-json\/wp\/v2\/posts\/193487\/revisions"}],"predecessor-version":[{"id":193489,"href":"https:\/\/www.politicosdosuldabahia.com.br\/v1\/wp-json\/wp\/v2\/posts\/193487\/revisions\/193489"}],"wp:featuredmedia":[{"embeddable":true,"href":"https:\/\/www.politicosdosuldabahia.com.br\/v1\/wp-json\/wp\/v2\/media\/193488"}],"wp:attachment":[{"href":"https:\/\/www.politicosdosuldabahia.com.br\/v1\/wp-json\/wp\/v2\/media?parent=193487"}],"wp:term":[{"taxonomy":"category","embeddable":true,"href":"https:\/\/www.politicosdosuldabahia.com.br\/v1\/wp-json\/wp\/v2\/categories?post=193487"},{"taxonomy":"post_tag","embeddable":true,"href":"https:\/\/www.politicosdosuldabahia.com.br\/v1\/wp-json\/wp\/v2\/tags?post=193487"}],"curies":[{"name":"wp","href":"https:\/\/api.w.org\/{rel}","templated":true}]}}