
{"id":193227,"date":"2025-09-10T19:46:56","date_gmt":"2025-09-10T22:46:56","guid":{"rendered":"https:\/\/www.politicosdosuldabahia.com.br\/v1\/?p=193227"},"modified":"2025-09-10T20:01:37","modified_gmt":"2025-09-10T23:01:37","slug":"itaju-do-colonia-em-brasilia-prefeito-elder-fontes-garante-avanco-de-projeto-do-frigorifico-regional","status":"publish","type":"post","link":"https:\/\/www.politicosdosuldabahia.com.br\/v1\/2025\/09\/10\/itaju-do-colonia-em-brasilia-prefeito-elder-fontes-garante-avanco-de-projeto-do-frigorifico-regional\/","title":{"rendered":"ITAJU DO COL\u00d4NIA: EM BRAS\u00cdLIA, PREFEITO ELDER FONTES GARANTE AVAN\u00c7O DE PROJETO DO FRIGOR\u00cdFICO REGIONAL"},"content":{"rendered":"<h3><img loading=\"lazy\" decoding=\"async\" class=\"alignnone size-full wp-image-193228 aligncenter\" src=\"http:\/\/www.politicosdosuldabahia.com.br\/v1\/wp-content\/uploads\/2025\/09\/WhatsApp-Image-2025-09-10-at-19.44.28.jpeg\" alt=\"\" width=\"392\" height=\"455\" srcset=\"https:\/\/www.politicosdosuldabahia.com.br\/v1\/wp-content\/uploads\/2025\/09\/WhatsApp-Image-2025-09-10-at-19.44.28.jpeg 392w, https:\/\/www.politicosdosuldabahia.com.br\/v1\/wp-content\/uploads\/2025\/09\/WhatsApp-Image-2025-09-10-at-19.44.28-258x300.jpeg 258w\" sizes=\"(max-width: 392px) 100vw, 392px\" \/><\/h3>\n<h3 style=\"text-align: justify\">Na tarde desta quarta-feira (10), o prefeito de Itaju do Col\u00f4nia, Elder Fontes, esteve no Minist\u00e9rio da Agricultura, onde se reuniu com o ministro Carlos F\u00e1varo, acompanhado do deputado federal e representante da regi\u00e3o, Paulo Magalh\u00e3es.<\/h3>\n<h3 style=\"text-align: justify\">Com rapidez, a gest\u00e3o municipal elaborou e viabilizou o projeto, que foi oficialmente entregue durante o encontro. A proposta do frigor\u00edfico municipal recebeu elogios e foi prontamente acolhida pelo ministro, que assegurou celeridade na an\u00e1lise e prioridade para a celebra\u00e7\u00e3o de conv\u00eanio entre Uni\u00e3o e Munic\u00edpio.<\/h3>\n<h3 style=\"text-align: justify\">O empreendimento prev\u00ea a implanta\u00e7\u00e3o de uma unidade com capacidade para o abate de at\u00e9 100 animais por dia, contemplando bovinos, su\u00ednos e caprinos.<\/h3>\n<h3 style=\"text-align: justify\">A conquista representa um avan\u00e7o hist\u00f3rico para a economia regional, gerando emprego, renda e fortalecendo a cadeia produtiva da pecu\u00e1ria em Itaju do Col\u00f4nia e em toda a regi\u00e3o.<\/h3>\n","protected":false},"excerpt":{"rendered":"<p>Na tarde desta quarta-feira (10), o prefeito de Itaju do Col\u00f4nia, Elder Fontes, esteve no Minist\u00e9rio da Agricultura, onde se reuniu com o ministro Carlos F\u00e1varo, acompanhado do deputado federal e representante da regi\u00e3o, Paulo Magalh\u00e3es. Com rapidez, a gest\u00e3o municipal elaborou e viabilizou o projeto, que foi oficialmente entregue durante o encontro. A proposta [&hellip;]<\/p>\n","protected":false},"author":992,"featured_media":193228,"comment_status":"open","ping_status":"closed","sticky":false,"template":"","format":"standard","meta":{"footnotes":"","_links_to":"","_links_to_target":""},"categories":[3],"tags":[],"class_list":["post-193227","post","type-post","status-publish","format-standard","has-post-thumbnail","hentry","category-cidades"],"views":278,"_links":{"self":[{"href":"https:\/\/www.politicosdosuldabahia.com.br\/v1\/wp-json\/wp\/v2\/posts\/193227"}],"collection":[{"href":"https:\/\/www.politicosdosuldabahia.com.br\/v1\/wp-json\/wp\/v2\/posts"}],"about":[{"href":"https:\/\/www.politicosdosuldabahia.com.br\/v1\/wp-json\/wp\/v2\/types\/post"}],"author":[{"embeddable":true,"href":"https:\/\/www.politicosdosuldabahia.com.br\/v1\/wp-json\/wp\/v2\/users\/992"}],"replies":[{"embeddable":true,"href":"https:\/\/www.politicosdosuldabahia.com.br\/v1\/wp-json\/wp\/v2\/comments?post=193227"}],"version-history":[{"count":3,"href":"https:\/\/www.politicosdosuldabahia.com.br\/v1\/wp-json\/wp\/v2\/posts\/193227\/revisions"}],"predecessor-version":[{"id":193231,"href":"https:\/\/www.politicosdosuldabahia.com.br\/v1\/wp-json\/wp\/v2\/posts\/193227\/revisions\/193231"}],"wp:featuredmedia":[{"embeddable":true,"href":"https:\/\/www.politicosdosuldabahia.com.br\/v1\/wp-json\/wp\/v2\/media\/193228"}],"wp:attachment":[{"href":"https:\/\/www.politicosdosuldabahia.com.br\/v1\/wp-json\/wp\/v2\/media?parent=193227"}],"wp:term":[{"taxonomy":"category","embeddable":true,"href":"https:\/\/www.politicosdosuldabahia.com.br\/v1\/wp-json\/wp\/v2\/categories?post=193227"},{"taxonomy":"post_tag","embeddable":true,"href":"https:\/\/www.politicosdosuldabahia.com.br\/v1\/wp-json\/wp\/v2\/tags?post=193227"}],"curies":[{"name":"wp","href":"https:\/\/api.w.org\/{rel}","templated":true}]}}