
{"id":193223,"date":"2025-09-10T18:42:16","date_gmt":"2025-09-10T21:42:16","guid":{"rendered":"https:\/\/www.politicosdosuldabahia.com.br\/v1\/?p=193223"},"modified":"2025-09-10T18:42:16","modified_gmt":"2025-09-10T21:42:16","slug":"teixeira-de-freitas-prefeitura-realiza-a-1a-conferencia-municipal-de-desenvolvimento-rural-sustentavel-e-solidario","status":"publish","type":"post","link":"https:\/\/www.politicosdosuldabahia.com.br\/v1\/2025\/09\/10\/teixeira-de-freitas-prefeitura-realiza-a-1a-conferencia-municipal-de-desenvolvimento-rural-sustentavel-e-solidario\/","title":{"rendered":"TEIXEIRA DE FREITAS: PREFEITURA REALIZA A 1\u00aa CONFER\u00caNCIA MUNICIPAL DE DESENVOLVIMENTO RURAL SUSTENT\u00c1VEL E SOLID\u00c1RIO"},"content":{"rendered":"<h3><img loading=\"lazy\" decoding=\"async\" class=\"wp-image-193224 aligncenter\" src=\"http:\/\/www.politicosdosuldabahia.com.br\/v1\/wp-content\/uploads\/2025\/09\/WhatsApp-Image-2025-09-08-at-7.04.26-PM-1.jpeg\" alt=\"\" width=\"455\" height=\"303\" srcset=\"https:\/\/www.politicosdosuldabahia.com.br\/v1\/wp-content\/uploads\/2025\/09\/WhatsApp-Image-2025-09-08-at-7.04.26-PM-1.jpeg 1080w, https:\/\/www.politicosdosuldabahia.com.br\/v1\/wp-content\/uploads\/2025\/09\/WhatsApp-Image-2025-09-08-at-7.04.26-PM-1-300x200.jpeg 300w, https:\/\/www.politicosdosuldabahia.com.br\/v1\/wp-content\/uploads\/2025\/09\/WhatsApp-Image-2025-09-08-at-7.04.26-PM-1-1024x683.jpeg 1024w, https:\/\/www.politicosdosuldabahia.com.br\/v1\/wp-content\/uploads\/2025\/09\/WhatsApp-Image-2025-09-08-at-7.04.26-PM-1-768x512.jpeg 768w\" sizes=\"(max-width: 455px) 100vw, 455px\" \/><\/h3>\n<h3 style=\"text-align: justify\">Nesta segunda-feira (08), a Prefeitura Municipal, por meio da Secretaria de Agricultura, Pecu\u00e1ria e Abastecimento, realizou a 1\u00aa Confer\u00eancia Municipal de Desenvolvimento Rural Sustent\u00e1vel e Solid\u00e1rio, com o tema \u201cBrasil Rural: Raiz da Vida, Fonte do Bem Viver\u201d.<\/h3>\n<h3 style=\"text-align: justify\">O evento teve como objetivo contribuir para a transforma\u00e7\u00e3o agroecol\u00f3gica dos sistemas alimentares, enfrentando as mudan\u00e7as clim\u00e1ticas, promovendo a soberania e a seguran\u00e7a alimentar, garantindo a cidadania e o bem viver nos territ\u00f3rios rurais, al\u00e9m de fortalecer a agricultura familiar.<\/h3>\n<h3 style=\"text-align: justify\">A confer\u00eancia foi estruturada por meio dos eixos tem\u00e1ticos listados abaixo:<\/h3>\n<ul class=\"wp-block-list\" style=\"text-align: justify\">\n<li>\n<h3>O papel da agricultura familiar diante das mudan\u00e7as clim\u00e1ticas;<\/h3>\n<\/li>\n<li>\n<h3>Transforma\u00e7\u00e3o agroecol\u00f3gica dos sistemas alimentares e fortalecimento da agricultura familiar;<\/h3>\n<\/li>\n<li>\n<h3>Reforma agr\u00e1ria e garantia dos direitos \u00e0 terra, \u00e0 \u00e1gua e ao territ\u00f3rio;<\/h3>\n<\/li>\n<li>\n<h3>Cidadania e bem viver;<\/h3>\n<\/li>\n<li>\n<h3>Participa\u00e7\u00e3o popular e governan\u00e7a das pol\u00edticas p\u00fablicas para o desenvolvimento rural.<\/h3>\n<\/li>\n<\/ul>\n<h3 style=\"text-align: justify\">A confer\u00eancia reuniu as principais lideran\u00e7as ligadas aos movimentos agroecol\u00f3gicos para construir coletivamente o futuro do desenvolvimento rural, fortalecendo a agricultura familiar, promovendo a sustentabilidade e contribuindo para a melhoria da qualidade de vida no campo.<\/h3>\n<h3 style=\"text-align: justify\">Essa iniciativa refor\u00e7a o compromisso da gest\u00e3o municipal em promover o desenvolvimento sustent\u00e1vel tanto em \u00e1reas urbanas quanto rurais, respeitando o nosso meio ambiente e encontrando maneiras de coexistirmos em conson\u00e2ncia \u00e0 natureza.<\/h3>\n","protected":false},"excerpt":{"rendered":"<p>Nesta segunda-feira (08), a Prefeitura Municipal, por meio da Secretaria de Agricultura, Pecu\u00e1ria e Abastecimento, realizou a 1\u00aa Confer\u00eancia Municipal de Desenvolvimento Rural Sustent\u00e1vel e Solid\u00e1rio, com o tema \u201cBrasil Rural: Raiz da Vida, Fonte do Bem Viver\u201d. O evento teve como objetivo contribuir para a transforma\u00e7\u00e3o agroecol\u00f3gica dos sistemas alimentares, enfrentando as mudan\u00e7as clim\u00e1ticas, [&hellip;]<\/p>\n","protected":false},"author":992,"featured_media":193224,"comment_status":"open","ping_status":"closed","sticky":false,"template":"","format":"standard","meta":{"footnotes":"","_links_to":"","_links_to_target":""},"categories":[3],"tags":[],"class_list":["post-193223","post","type-post","status-publish","format-standard","has-post-thumbnail","hentry","category-cidades"],"views":181,"_links":{"self":[{"href":"https:\/\/www.politicosdosuldabahia.com.br\/v1\/wp-json\/wp\/v2\/posts\/193223"}],"collection":[{"href":"https:\/\/www.politicosdosuldabahia.com.br\/v1\/wp-json\/wp\/v2\/posts"}],"about":[{"href":"https:\/\/www.politicosdosuldabahia.com.br\/v1\/wp-json\/wp\/v2\/types\/post"}],"author":[{"embeddable":true,"href":"https:\/\/www.politicosdosuldabahia.com.br\/v1\/wp-json\/wp\/v2\/users\/992"}],"replies":[{"embeddable":true,"href":"https:\/\/www.politicosdosuldabahia.com.br\/v1\/wp-json\/wp\/v2\/comments?post=193223"}],"version-history":[{"count":1,"href":"https:\/\/www.politicosdosuldabahia.com.br\/v1\/wp-json\/wp\/v2\/posts\/193223\/revisions"}],"predecessor-version":[{"id":193225,"href":"https:\/\/www.politicosdosuldabahia.com.br\/v1\/wp-json\/wp\/v2\/posts\/193223\/revisions\/193225"}],"wp:featuredmedia":[{"embeddable":true,"href":"https:\/\/www.politicosdosuldabahia.com.br\/v1\/wp-json\/wp\/v2\/media\/193224"}],"wp:attachment":[{"href":"https:\/\/www.politicosdosuldabahia.com.br\/v1\/wp-json\/wp\/v2\/media?parent=193223"}],"wp:term":[{"taxonomy":"category","embeddable":true,"href":"https:\/\/www.politicosdosuldabahia.com.br\/v1\/wp-json\/wp\/v2\/categories?post=193223"},{"taxonomy":"post_tag","embeddable":true,"href":"https:\/\/www.politicosdosuldabahia.com.br\/v1\/wp-json\/wp\/v2\/tags?post=193223"}],"curies":[{"name":"wp","href":"https:\/\/api.w.org\/{rel}","templated":true}]}}